{"id":12506,"date":"2020-11-11T12:05:17","date_gmt":"2020-11-11T11:05:17","guid":{"rendered":"https:\/\/www.farmaindustria.es\/web\/?p=12506"},"modified":"2024-07-26T12:33:48","modified_gmt":"2024-07-26T10:33:48","slug":"diagnostico-precoz-educacion-prevencion-e-investigacion-las-cuatro-armas-contra-la-diabetes","status":"publish","type":"post","link":"https:\/\/www.farmaindustria.es\/web\/prensa\/notas-de-prensa\/2020\/11\/11\/diagnostico-precoz-educacion-prevencion-e-investigacion-las-cuatro-armas-contra-la-diabetes\/","title":{"rendered":"Diagn\u00f3stico precoz, educaci\u00f3n, prevenci\u00f3n e investigaci\u00f3n, las cuatro armas contra la diabetes"},"content":{"rendered":"<p>&nbsp;<\/p>\n<p><a href=\"https:\/\/www.youtube.com\/watch?v=gHLS_ncO078\"><img loading=\"lazy\" decoding=\"async\" class=\"aligncenter size-full wp-image-12511\" src=\"https:\/\/www.farmaindustria.es\/web\/wp-content\/uploads\/sites\/2\/2020\/11\/dialogo-diabetes-play-1.jpg\" alt=\"\" width=\"1123\" height=\"576\" srcset=\"https:\/\/www.farmaindustria.es\/web\/wp-content\/uploads\/sites\/2\/2020\/11\/dialogo-diabetes-play-1.jpg 1123w, https:\/\/www.farmaindustria.es\/web\/wp-content\/uploads\/sites\/2\/2020\/11\/dialogo-diabetes-play-1-300x154.jpg 300w, https:\/\/www.farmaindustria.es\/web\/wp-content\/uploads\/sites\/2\/2020\/11\/dialogo-diabetes-play-1-1024x525.jpg 1024w, https:\/\/www.farmaindustria.es\/web\/wp-content\/uploads\/sites\/2\/2020\/11\/dialogo-diabetes-play-1-768x394.jpg 768w, https:\/\/www.farmaindustria.es\/web\/wp-content\/uploads\/sites\/2\/2020\/11\/dialogo-diabetes-play-1-320x164.jpg 320w, https:\/\/www.farmaindustria.es\/web\/wp-content\/uploads\/sites\/2\/2020\/11\/dialogo-diabetes-play-1-190x97.jpg 190w, https:\/\/www.farmaindustria.es\/web\/wp-content\/uploads\/sites\/2\/2020\/11\/dialogo-diabetes-play-1-852x437.jpg 852w, https:\/\/www.farmaindustria.es\/web\/wp-content\/uploads\/sites\/2\/2020\/11\/dialogo-diabetes-play-1-50x26.jpg 50w\" sizes=\"auto, (max-width: 1123px) 100vw, 1123px\" \/><\/a><\/p>\n<p>La <strong>diabetes<\/strong>, que el pr\u00f3ximo s\u00e1bado celebra su <strong>D\u00eda Mundial<\/strong>, es <a href=\"https:\/\/www.farmaindustria.es\/web\/el-valor-del-medicamento-en-la-diabetes\/\">una de las enfermedades cr\u00f3nicas m\u00e1s prevalentes<\/a> en nuestra sociedad y tiene como consecuencias importantes complicaciones si no se acompa\u00f1a de <strong>h\u00e1bitos saludables, prevenci\u00f3n y tratamientos adecuados<\/strong>. Sin embargo, es una patolog\u00eda a menudo infravalorada y <em>normalizada<\/em>, como ponen de manifiesto los protagonistas de la <strong>cuarta entrega de los <em>Di\u00e1logos M\u00e9dico-Paciente<\/em><\/strong>, una v\u00eddeo-conversaci\u00f3n protagonizada por el endocrin\u00f3logo Antonio P\u00e9rez P\u00e9rez, presidente de la <a href=\"https:\/\/www.sediabetes.org\/\" target=\"_blank\" rel=\"noopener noreferrer\">Sociedad Espa\u00f1ola de Diabetes<\/a> (SED), y Ana Bel\u00e9n Torrijos, presidenta de la <a href=\"https:\/\/fedesp.es\/asociaciones\/madrid\/\" target=\"_blank\" rel=\"noopener noreferrer\">Federaci\u00f3n de Asociaciones de Diab\u00e9ticos de la Comunidad de Madrid<\/a>.<\/p>\n<p>La iniciativa, impulsada desde la Fundaci\u00f3n Farmaindustria y la plataforma Somos Pacientes, consiste en una serie de v\u00eddeos cuyo cuarto cap\u00edtulo se ha presentado hoy a los medios de comunicaci\u00f3n y que pretende <strong>trasladar a la sociedad en primera persona el reto que constituye el abordaje de la enfermedad.<\/strong> El director general de Farmaindustria, Humberto Arn\u00e9s, que realiz\u00f3 la presentaci\u00f3n del v\u00eddeo, estuvo acompa\u00f1ado en el acto de presentaci\u00f3n por el citado Antonio P\u00e9rez P\u00e9rez y por Aureliano Ruiz Salm\u00f3n, presidente en funciones de la <a href=\"https:\/\/fedesp.es\/\" target=\"_blank\" rel=\"noopener noreferrer\">Federaci\u00f3n Espa\u00f1ola de Diabetes<\/a> (FEDE).<\/p>\n<p>\u201cLa presentaci\u00f3n de hoy tiene quiz\u00e1 la peculiaridad de producirse en un momento muy complicado para todos, y en especial para profesionales sanitarios y pacientes, cuando <strong>seguimos afrontando la terrible pandemia por el coronavirus.<\/strong> Es el gran reto que tenemos delante, pero no hace que lo sean menos<strong> las dem\u00e1s enfermedades, que siguen ah\u00ed<\/strong> y experimentan las complicaciones a\u00f1adidas de la pandemia. Tal vez sirve un poco esta presentaci\u00f3n para llamar la atenci\u00f3n sobre las dificultades a\u00f1adidas que la pandemia genera a los pacientes de otras patolog\u00edas y la <strong>necesidad de seguir trabajando entre todos para combatirlas<\/strong>\u201d, ha afirmado Arn\u00e9s.<\/p>\n<p>En este sentido, el presidente de la SED ha subrayado que la diabetes <em>mellitus<\/em> \u201ces una enfermedad cr\u00f3nica y persistente que precisa tratamiento de por vida. <strong>La participaci\u00f3n activa por parte de los que la padecen resulta imprescindible<\/strong> para el manejo de la diabetes\u201d. \u201cLas repercusiones sociales y sanitarias de la diabetes, derivadas de la elevada prevalencia y el desarrollo de complicaciones -ha a\u00f1adido P\u00e9rez P\u00e9rez- son de tal magnitud que la Organizaci\u00f3n Mundial de la Salud (OMS) considera la diabetes como la<strong> epidemia del siglo XXI<\/strong>. Sin embargo, llama la atenci\u00f3n la infravaloraci\u00f3n y baja visibilidad de la diabetes en comparaci\u00f3n con otras enfermedades\u201d.<\/p>\n<p>\u201cEn Espa\u00f1a hay actualmente <strong>6 millones de personas con diabetes, de las cuales el 85% tienen diabetes tipo 2<\/strong>, y yo creo que no hemos sabido hacerlo bien ni las asociaciones de pacientes ni las organizaciones m\u00e9dicas. Hemos querido dar tanta naturalidad y que parezca que no pasa nada\u2026 Pero es una <strong>enfermedad degenerativa<\/strong> y en ello debemos poner ahora el foco\u201d, lamenta ante la c\u00e1mara Torrijos.<\/p>\n<p>Estas elevadas cifras de prevalencia ponen de manifiesto la importancia del diagn\u00f3stico precoz, como destaca el presidente de la SED en el v\u00eddeo, pero tambi\u00e9n la necesaria labor de prevenci\u00f3n y educaci\u00f3n sanitaria, si se tiene en cuenta que <strong>la diabetes tipo 2 es una de las enfermedades que pueden evitarse con h\u00e1bitos saludables<\/strong>. \u201cEs necesario minimizar el impacto negativo de la diabetes en la salud mediante intervenciones dirigidas a su prevenci\u00f3n, as\u00ed como al diagn\u00f3stico y tratamiento tempranos de la enfermedad y los factores de riesgo asociados, para <strong>evitar la aparici\u00f3n de complicaciones<\/strong>\u201d, ha destacado P\u00e9rez P\u00e9rez.<\/p>\n<div id=\"attachment_12551\" style=\"width: 1069px\" class=\"wp-caption alignnone\"><img loading=\"lazy\" decoding=\"async\" aria-describedby=\"caption-attachment-12551\" class=\"wp-image-12551 size-full\" src=\"https:\/\/www.farmaindustria.es\/web\/wp-content\/uploads\/sites\/2\/2020\/11\/FOTO1_1059.jpg\" alt=\"\" width=\"1059\" height=\"364\" srcset=\"https:\/\/www.farmaindustria.es\/web\/wp-content\/uploads\/sites\/2\/2020\/11\/FOTO1_1059.jpg 1059w, https:\/\/www.farmaindustria.es\/web\/wp-content\/uploads\/sites\/2\/2020\/11\/FOTO1_1059-300x103.jpg 300w, https:\/\/www.farmaindustria.es\/web\/wp-content\/uploads\/sites\/2\/2020\/11\/FOTO1_1059-1024x352.jpg 1024w, https:\/\/www.farmaindustria.es\/web\/wp-content\/uploads\/sites\/2\/2020\/11\/FOTO1_1059-768x264.jpg 768w, https:\/\/www.farmaindustria.es\/web\/wp-content\/uploads\/sites\/2\/2020\/11\/FOTO1_1059-320x110.jpg 320w, https:\/\/www.farmaindustria.es\/web\/wp-content\/uploads\/sites\/2\/2020\/11\/FOTO1_1059-190x65.jpg 190w, https:\/\/www.farmaindustria.es\/web\/wp-content\/uploads\/sites\/2\/2020\/11\/FOTO1_1059-852x293.jpg 852w, https:\/\/www.farmaindustria.es\/web\/wp-content\/uploads\/sites\/2\/2020\/11\/FOTO1_1059-50x17.jpg 50w\" sizes=\"auto, (max-width: 1059px) 100vw, 1059px\" \/><p id=\"caption-attachment-12551\" class=\"wp-caption-text\">Antonio P\u00e9rez P\u00e9rez (presidente de la SED), Aureliano Ruiz Salm\u00f3n (presidente en funciones de FEDE) y Humberto Arn\u00e9s (director general de Farmaindustria).<\/p><\/div>\n<p><strong>M\u00e1s educaci\u00f3n, m\u00e1s investigaci\u00f3n<\/strong><\/p>\n<p>\u201cEs clave la <strong>formaci\u00f3n y la educaci\u00f3n en diabetes<\/strong>, la cual debe ser individualizada y continuada en el tiempo. Es una de nuestras principales reivindicaciones\u201d, ha afirmado el presidente en funciones de la FEDE. \u201cLa <strong>calidad de vida de las personas con diabetes<\/strong> es otro de los objetivos prioritarios de la Federaci\u00f3n y, en este sentido, trabajamos coordinadamente con otros agentes sanitarios. Sin embargo, todav\u00eda queda mucho trabajo por delante en aspectos tales como la participaci\u00f3n real de los pacientes en la toma de decisiones que les afectan como colectivo\u201d, ha a\u00f1adido Ruiz Salm\u00f3n.<\/p>\n<p>La \u00faltima de las armas para combatir esta epidemia mundial est\u00e1 en la <strong>innovaci\u00f3n de los tratamientos<\/strong> que en el caso de la diabetes m\u00e1s frecuente, la tipo 2, ha sido muy importante en los \u00faltimos a\u00f1os. \u201cHemos pasado de tener pocas herramientas terap\u00e9uticas, y que adem\u00e1s conllevaban riesgo de hipoglucemia, a tener en este momento medicamentos que mejoran la glicemia y claramente nos ayudan a controlar el peso. Y no s\u00f3lo eso, sino que, independientemente del efecto que hacen sobre la glicemia y otros factores, nos dan <strong>beneficios cardiovasculares -la principal complicaci\u00f3n que tenemos- y renales\u201d<\/strong>, le explica el endocrin\u00f3logo y presidente de la SED a la paciente en el v\u00eddeo.<\/p>\n<p>En el caso de la diabetes tipo 1 tambi\u00e9n han sido grandes los progresos con los<strong> sistemas de monitorizaci\u00f3n y control<\/strong> de los niveles de az\u00facar en sangre y con la llegada de las <strong>bombas de insulina<\/strong>, que siguen progresando hacia modelos cada vez m\u00e1s c\u00f3modos, seguros y que ofrecen m\u00e1s independencia a los pacientes.<\/p>\n<p>Arn\u00e9s ha recordado que el objetivo principal de los <em>Di\u00e1logos M\u00e9dico-Paciente<\/em> es \u201ccontribuir a acercar a la sociedad la experiencia real de la enfermedad; ayudar a que se entienda mejor, a<strong> concienciar, incluso a contrarrestar mitos<\/strong> y, por qu\u00e9 no, a trasladar a pacientes y familiares que, ante el diagn\u00f3stico de una enfermedad grave, tambi\u00e9n cabe la esperanza, porque disponemos <strong>cada vez de m\u00e1s instrumentos que nos ayudar\u00e1n a recuperar la salud<\/strong>\u201d.<\/p>\n<p><strong>Escuchar a m\u00e9dicos y pacientes<\/strong><\/p>\n<p>\u201cPero tambi\u00e9n queremos escuchar \u2013ha insistido el director general de Farmaindustria-. <strong>Escuchar a los pacientes y a los m\u00e9dicos<\/strong> como primeros representantes, aunque no \u00fanicos, del desaf\u00edo que supone la enfermedad. Esta escucha es crucial para todos, para que realmente seamos capaces de <strong>reforzar nuestro sistema sanitario<\/strong> a partir de la experiencia de profesionales sanitarios y pacientes, y lo es especialmente para nosotros, para la industria farmac\u00e9utica, en nuestra labor de investigar y desarrollar nuevos medicamentos. Es cr\u00edtico conocer las necesidades reales de m\u00e9dicos y pacientes para tratar de aplicarlas tambi\u00e9n a la I+D y que \u00e9sta responda lo mejor posible a ellas. Y hablo de la <strong>innovaci\u00f3n disruptiva y tambi\u00e9n de la llamada innovaci\u00f3n incremental<\/strong>, que se centra en desarrollos de medicamentos ya existentes para responder mejor a perfiles y necesidades concretas de pacientes\u201d.<\/p>\n<p>Este documento audiovisual sobre diabetes es el cuarto de una serie, puesta en marcha en 2019 a iniciativa de la Fundaci\u00f3n Farmaindustria y Somos Pacientes, que se desarrolla de la mano de sociedades cient\u00edficas y asociaciones de pacientes y que, <strong>por primera vez, se ha presentado de manera telem\u00e1tica<\/strong> ante los medios a causa de la pandemia por el coronavirus. En los tres di\u00e1logos previos las enfermedades abordadas fueron <strong>c\u00e1ncer de mama, esclerosis m\u00faltiple y artritis reumatoide<\/strong>. Te recomendamos visitar tambi\u00e9n nuestro art\u00edculo sobre el <a href=\"https:\/\/www.farmaindustria.es\/web\/prensa\/notas-de-prensa\/2019\/12\/04\/diagnostico-precoz-y-medicamentos-biologicos-marcan-la-mejora-del-abordaje-de-la-artritis-reumatoide\/\">tratamiento biol\u00f3gico contra la artritis reumatoide<\/a> para investigar un poco m\u00e1s.<\/p>\n<p>El v\u00eddeo del cuarto <em>Di\u00e1logo M\u00e9dico-Paciente<\/em> puede verse en este<a href=\"https:\/\/www.youtube.com\/watch?v=gHLS_ncO078\" target=\"_blank\" rel=\"noopener noreferrer\"> enlace<\/a>.<\/p>\n","protected":false},"excerpt":{"rendered":"<p>&nbsp; La diabetes, que el pr\u00f3ximo s\u00e1bado celebra su D\u00eda Mundial, es una de las enfermedades cr\u00f3nicas m\u00e1s prevalentes en nuestra sociedad y tiene como consecuencias importantes complicaciones si no se acompa\u00f1a de h\u00e1bitos saludables, prevenci\u00f3n y tratamientos adecuados. Sin embargo, es una patolog\u00eda a menudo infravalorada y normalizada, como ponen de manifiesto los protagonistas  <a href=\"https:\/\/www.farmaindustria.es\/web\/prensa\/notas-de-prensa\/2020\/11\/11\/diagnostico-precoz-educacion-prevencion-e-investigacion-las-cuatro-armas-contra-la-diabetes\/\" class=\"read-more\">&hellip;<\/a><\/p>\n","protected":false},"author":18,"featured_media":12507,"comment_status":"open","ping_status":"open","sticky":false,"template":"","format":"standard","meta":{"_acf_changed":false,"footnotes":""},"class_list":["post-12506","post","type-post","status-publish","format-standard","has-post-thumbnail","hentry","tema-pacientes","area-pacientes-y-profesionales-sanitarios","geografica-espana","organismo-farmaindustria"],"acf":[],"yoast_head":"<!-- This site is optimized with the Yoast SEO plugin v27.4 - https:\/\/yoast.com\/product\/yoast-seo-wordpress\/ -->\n<title>Diagn\u00f3stico precoz, educaci\u00f3n, prevenci\u00f3n e investigaci\u00f3n, las cuatro armas contra la diabetes - FarmaIndustria<\/title>\n<meta name=\"robots\" content=\"index, follow, max-snippet:-1, max-image-preview:large, max-video-preview:-1\" \/>\n<link rel=\"canonical\" href=\"https:\/\/www.farmaindustria.es\/web\/prensa\/notas-de-prensa\/2020\/11\/11\/diagnostico-precoz-educacion-prevencion-e-investigacion-las-cuatro-armas-contra-la-diabetes\/\" \/>\n<meta property=\"og:locale\" content=\"es_ES\" \/>\n<meta property=\"og:type\" content=\"article\" \/>\n<meta property=\"og:title\" content=\"Diagn\u00f3stico precoz, educaci\u00f3n, prevenci\u00f3n e investigaci\u00f3n, las cuatro armas contra la diabetes - FarmaIndustria\" \/>\n<meta property=\"og:description\" content=\"&nbsp; La diabetes, que el pr\u00f3ximo s\u00e1bado celebra su D\u00eda Mundial, es una de las enfermedades cr\u00f3nicas m\u00e1s prevalentes en nuestra sociedad y tiene como consecuencias importantes complicaciones si no se acompa\u00f1a de h\u00e1bitos saludables, prevenci\u00f3n y tratamientos adecuados. Sin embargo, es una patolog\u00eda a menudo infravalorada y normalizada, como ponen de manifiesto los protagonistas &hellip;\" \/>\n<meta property=\"og:url\" content=\"https:\/\/www.farmaindustria.es\/web\/prensa\/notas-de-prensa\/2020\/11\/11\/diagnostico-precoz-educacion-prevencion-e-investigacion-las-cuatro-armas-contra-la-diabetes\/\" \/>\n<meta property=\"og:site_name\" content=\"FarmaIndustria\" \/>\n<meta property=\"article:publisher\" content=\"https:\/\/www.facebook.com\/pages\/Farmaindustria\/730634013647836?ref=hl\" \/>\n<meta property=\"article:published_time\" content=\"2020-11-11T11:05:17+00:00\" \/>\n<meta property=\"article:modified_time\" content=\"2024-07-26T10:33:48+00:00\" \/>\n<meta property=\"og:image\" content=\"https:\/\/www.farmaindustria.es\/web\/wp-content\/uploads\/sites\/2\/2020\/11\/dialogo-diabetes.jpg\" \/>\n\t<meta property=\"og:image:width\" content=\"1123\" \/>\n\t<meta property=\"og:image:height\" content=\"576\" \/>\n\t<meta property=\"og:image:type\" content=\"image\/jpeg\" \/>\n<meta name=\"author\" content=\"Rosario Garc\u00eda del R\u00edo\" \/>\n<meta name=\"twitter:card\" content=\"summary_large_image\" \/>\n<meta name=\"twitter:creator\" content=\"@FarmaIndustria\" \/>\n<meta name=\"twitter:site\" content=\"@FarmaIndustria\" \/>\n<meta name=\"twitter:label1\" content=\"Escrito por\" \/>\n\t<meta name=\"twitter:data1\" content=\"Rosario Garc\u00eda del R\u00edo\" \/>\n\t<meta name=\"twitter:label2\" content=\"Tiempo de lectura\" \/>\n\t<meta name=\"twitter:data2\" content=\"6 minutos\" \/>\n<script type=\"application\/ld+json\" class=\"yoast-schema-graph\">{\"@context\":\"https:\\\/\\\/schema.org\",\"@graph\":[{\"@type\":\"Article\",\"@id\":\"https:\\\/\\\/www.farmaindustria.es\\\/web\\\/prensa\\\/notas-de-prensa\\\/2020\\\/11\\\/11\\\/diagnostico-precoz-educacion-prevencion-e-investigacion-las-cuatro-armas-contra-la-diabetes\\\/#article\",\"isPartOf\":{\"@id\":\"https:\\\/\\\/www.farmaindustria.es\\\/web\\\/prensa\\\/notas-de-prensa\\\/2020\\\/11\\\/11\\\/diagnostico-precoz-educacion-prevencion-e-investigacion-las-cuatro-armas-contra-la-diabetes\\\/\"},\"author\":{\"name\":\"Rosario Garc\u00eda del R\u00edo\",\"@id\":\"https:\\\/\\\/www.farmaindustria.es\\\/web\\\/#\\\/schema\\\/person\\\/0d57b6fae0c4934a498036bc6e6733b5\"},\"headline\":\"Diagn\u00f3stico precoz, educaci\u00f3n, prevenci\u00f3n e investigaci\u00f3n, las cuatro armas contra la diabetes\",\"datePublished\":\"2020-11-11T11:05:17+00:00\",\"dateModified\":\"2024-07-26T10:33:48+00:00\",\"mainEntityOfPage\":{\"@id\":\"https:\\\/\\\/www.farmaindustria.es\\\/web\\\/prensa\\\/notas-de-prensa\\\/2020\\\/11\\\/11\\\/diagnostico-precoz-educacion-prevencion-e-investigacion-las-cuatro-armas-contra-la-diabetes\\\/\"},\"wordCount\":1306,\"commentCount\":0,\"image\":{\"@id\":\"https:\\\/\\\/www.farmaindustria.es\\\/web\\\/prensa\\\/notas-de-prensa\\\/2020\\\/11\\\/11\\\/diagnostico-precoz-educacion-prevencion-e-investigacion-las-cuatro-armas-contra-la-diabetes\\\/#primaryimage\"},\"thumbnailUrl\":\"https:\\\/\\\/www.farmaindustria.es\\\/web\\\/wp-content\\\/uploads\\\/sites\\\/2\\\/2020\\\/11\\\/dialogo-diabetes.jpg\",\"inLanguage\":\"es\",\"potentialAction\":[{\"@type\":\"CommentAction\",\"name\":\"Comment\",\"target\":[\"https:\\\/\\\/www.farmaindustria.es\\\/web\\\/prensa\\\/notas-de-prensa\\\/2020\\\/11\\\/11\\\/diagnostico-precoz-educacion-prevencion-e-investigacion-las-cuatro-armas-contra-la-diabetes\\\/#respond\"]}]},{\"@type\":\"WebPage\",\"@id\":\"https:\\\/\\\/www.farmaindustria.es\\\/web\\\/prensa\\\/notas-de-prensa\\\/2020\\\/11\\\/11\\\/diagnostico-precoz-educacion-prevencion-e-investigacion-las-cuatro-armas-contra-la-diabetes\\\/\",\"url\":\"https:\\\/\\\/www.farmaindustria.es\\\/web\\\/prensa\\\/notas-de-prensa\\\/2020\\\/11\\\/11\\\/diagnostico-precoz-educacion-prevencion-e-investigacion-las-cuatro-armas-contra-la-diabetes\\\/\",\"name\":\"Diagn\u00f3stico precoz, educaci\u00f3n, prevenci\u00f3n e investigaci\u00f3n, las cuatro armas contra la diabetes - FarmaIndustria\",\"isPartOf\":{\"@id\":\"https:\\\/\\\/www.farmaindustria.es\\\/web\\\/#website\"},\"primaryImageOfPage\":{\"@id\":\"https:\\\/\\\/www.farmaindustria.es\\\/web\\\/prensa\\\/notas-de-prensa\\\/2020\\\/11\\\/11\\\/diagnostico-precoz-educacion-prevencion-e-investigacion-las-cuatro-armas-contra-la-diabetes\\\/#primaryimage\"},\"image\":{\"@id\":\"https:\\\/\\\/www.farmaindustria.es\\\/web\\\/prensa\\\/notas-de-prensa\\\/2020\\\/11\\\/11\\\/diagnostico-precoz-educacion-prevencion-e-investigacion-las-cuatro-armas-contra-la-diabetes\\\/#primaryimage\"},\"thumbnailUrl\":\"https:\\\/\\\/www.farmaindustria.es\\\/web\\\/wp-content\\\/uploads\\\/sites\\\/2\\\/2020\\\/11\\\/dialogo-diabetes.jpg\",\"datePublished\":\"2020-11-11T11:05:17+00:00\",\"dateModified\":\"2024-07-26T10:33:48+00:00\",\"author\":{\"@id\":\"https:\\\/\\\/www.farmaindustria.es\\\/web\\\/#\\\/schema\\\/person\\\/0d57b6fae0c4934a498036bc6e6733b5\"},\"breadcrumb\":{\"@id\":\"https:\\\/\\\/www.farmaindustria.es\\\/web\\\/prensa\\\/notas-de-prensa\\\/2020\\\/11\\\/11\\\/diagnostico-precoz-educacion-prevencion-e-investigacion-las-cuatro-armas-contra-la-diabetes\\\/#breadcrumb\"},\"inLanguage\":\"es\",\"potentialAction\":[{\"@type\":\"ReadAction\",\"target\":[\"https:\\\/\\\/www.farmaindustria.es\\\/web\\\/prensa\\\/notas-de-prensa\\\/2020\\\/11\\\/11\\\/diagnostico-precoz-educacion-prevencion-e-investigacion-las-cuatro-armas-contra-la-diabetes\\\/\"]}]},{\"@type\":\"ImageObject\",\"inLanguage\":\"es\",\"@id\":\"https:\\\/\\\/www.farmaindustria.es\\\/web\\\/prensa\\\/notas-de-prensa\\\/2020\\\/11\\\/11\\\/diagnostico-precoz-educacion-prevencion-e-investigacion-las-cuatro-armas-contra-la-diabetes\\\/#primaryimage\",\"url\":\"https:\\\/\\\/www.farmaindustria.es\\\/web\\\/wp-content\\\/uploads\\\/sites\\\/2\\\/2020\\\/11\\\/dialogo-diabetes.jpg\",\"contentUrl\":\"https:\\\/\\\/www.farmaindustria.es\\\/web\\\/wp-content\\\/uploads\\\/sites\\\/2\\\/2020\\\/11\\\/dialogo-diabetes.jpg\",\"width\":1123,\"height\":576},{\"@type\":\"BreadcrumbList\",\"@id\":\"https:\\\/\\\/www.farmaindustria.es\\\/web\\\/prensa\\\/notas-de-prensa\\\/2020\\\/11\\\/11\\\/diagnostico-precoz-educacion-prevencion-e-investigacion-las-cuatro-armas-contra-la-diabetes\\\/#breadcrumb\",\"itemListElement\":[{\"@type\":\"ListItem\",\"position\":1,\"name\":\"Portada\",\"item\":\"https:\\\/\\\/www.farmaindustria.es\\\/web\\\/\"},{\"@type\":\"ListItem\",\"position\":2,\"name\":\"Diagn\u00f3stico precoz, educaci\u00f3n, prevenci\u00f3n e investigaci\u00f3n, las cuatro armas contra la diabetes\"}]},{\"@type\":\"WebSite\",\"@id\":\"https:\\\/\\\/www.farmaindustria.es\\\/web\\\/#website\",\"url\":\"https:\\\/\\\/www.farmaindustria.es\\\/web\\\/\",\"name\":\"FarmaIndustria\",\"description\":\"\",\"potentialAction\":[{\"@type\":\"SearchAction\",\"target\":{\"@type\":\"EntryPoint\",\"urlTemplate\":\"https:\\\/\\\/www.farmaindustria.es\\\/web\\\/?s={search_term_string}\"},\"query-input\":{\"@type\":\"PropertyValueSpecification\",\"valueRequired\":true,\"valueName\":\"search_term_string\"}}],\"inLanguage\":\"es\"},{\"@type\":\"Person\",\"@id\":\"https:\\\/\\\/www.farmaindustria.es\\\/web\\\/#\\\/schema\\\/person\\\/0d57b6fae0c4934a498036bc6e6733b5\",\"name\":\"Rosario Garc\u00eda del R\u00edo\",\"image\":{\"@type\":\"ImageObject\",\"inLanguage\":\"es\",\"@id\":\"https:\\\/\\\/secure.gravatar.com\\\/avatar\\\/bff59fd2db59b008c364e4d2ca1199848ed356cd0684f97edaae91d80d8fc6bc?s=96&d=mm&r=g\",\"url\":\"https:\\\/\\\/secure.gravatar.com\\\/avatar\\\/bff59fd2db59b008c364e4d2ca1199848ed356cd0684f97edaae91d80d8fc6bc?s=96&d=mm&r=g\",\"contentUrl\":\"https:\\\/\\\/secure.gravatar.com\\\/avatar\\\/bff59fd2db59b008c364e4d2ca1199848ed356cd0684f97edaae91d80d8fc6bc?s=96&d=mm&r=g\",\"caption\":\"Rosario Garc\u00eda del R\u00edo\"},\"url\":\"https:\\\/\\\/www.farmaindustria.es\\\/web\\\/prensa\\\/notas-de-prensa\\\/author\\\/rgarciadelrio\\\/\"}]}<\/script>\n<!-- \/ Yoast SEO plugin. -->","yoast_head_json":{"title":"Diagn\u00f3stico precoz, educaci\u00f3n, prevenci\u00f3n e investigaci\u00f3n, las cuatro armas contra la diabetes - FarmaIndustria","robots":{"index":"index","follow":"follow","max-snippet":"max-snippet:-1","max-image-preview":"max-image-preview:large","max-video-preview":"max-video-preview:-1"},"canonical":"https:\/\/www.farmaindustria.es\/web\/prensa\/notas-de-prensa\/2020\/11\/11\/diagnostico-precoz-educacion-prevencion-e-investigacion-las-cuatro-armas-contra-la-diabetes\/","og_locale":"es_ES","og_type":"article","og_title":"Diagn\u00f3stico precoz, educaci\u00f3n, prevenci\u00f3n e investigaci\u00f3n, las cuatro armas contra la diabetes - FarmaIndustria","og_description":"&nbsp; La diabetes, que el pr\u00f3ximo s\u00e1bado celebra su D\u00eda Mundial, es una de las enfermedades cr\u00f3nicas m\u00e1s prevalentes en nuestra sociedad y tiene como consecuencias importantes complicaciones si no se acompa\u00f1a de h\u00e1bitos saludables, prevenci\u00f3n y tratamientos adecuados. Sin embargo, es una patolog\u00eda a menudo infravalorada y normalizada, como ponen de manifiesto los protagonistas &hellip;","og_url":"https:\/\/www.farmaindustria.es\/web\/prensa\/notas-de-prensa\/2020\/11\/11\/diagnostico-precoz-educacion-prevencion-e-investigacion-las-cuatro-armas-contra-la-diabetes\/","og_site_name":"FarmaIndustria","article_publisher":"https:\/\/www.facebook.com\/pages\/Farmaindustria\/730634013647836?ref=hl","article_published_time":"2020-11-11T11:05:17+00:00","article_modified_time":"2024-07-26T10:33:48+00:00","og_image":[{"width":1123,"height":576,"url":"https:\/\/www.farmaindustria.es\/web\/wp-content\/uploads\/sites\/2\/2020\/11\/dialogo-diabetes.jpg","type":"image\/jpeg"}],"author":"Rosario Garc\u00eda del R\u00edo","twitter_card":"summary_large_image","twitter_creator":"@FarmaIndustria","twitter_site":"@FarmaIndustria","twitter_misc":{"Escrito por":"Rosario Garc\u00eda del R\u00edo","Tiempo de lectura":"6 minutos"},"schema":{"@context":"https:\/\/schema.org","@graph":[{"@type":"Article","@id":"https:\/\/www.farmaindustria.es\/web\/prensa\/notas-de-prensa\/2020\/11\/11\/diagnostico-precoz-educacion-prevencion-e-investigacion-las-cuatro-armas-contra-la-diabetes\/#article","isPartOf":{"@id":"https:\/\/www.farmaindustria.es\/web\/prensa\/notas-de-prensa\/2020\/11\/11\/diagnostico-precoz-educacion-prevencion-e-investigacion-las-cuatro-armas-contra-la-diabetes\/"},"author":{"name":"Rosario Garc\u00eda del R\u00edo","@id":"https:\/\/www.farmaindustria.es\/web\/#\/schema\/person\/0d57b6fae0c4934a498036bc6e6733b5"},"headline":"Diagn\u00f3stico precoz, educaci\u00f3n, prevenci\u00f3n e investigaci\u00f3n, las cuatro armas contra la diabetes","datePublished":"2020-11-11T11:05:17+00:00","dateModified":"2024-07-26T10:33:48+00:00","mainEntityOfPage":{"@id":"https:\/\/www.farmaindustria.es\/web\/prensa\/notas-de-prensa\/2020\/11\/11\/diagnostico-precoz-educacion-prevencion-e-investigacion-las-cuatro-armas-contra-la-diabetes\/"},"wordCount":1306,"commentCount":0,"image":{"@id":"https:\/\/www.farmaindustria.es\/web\/prensa\/notas-de-prensa\/2020\/11\/11\/diagnostico-precoz-educacion-prevencion-e-investigacion-las-cuatro-armas-contra-la-diabetes\/#primaryimage"},"thumbnailUrl":"https:\/\/www.farmaindustria.es\/web\/wp-content\/uploads\/sites\/2\/2020\/11\/dialogo-diabetes.jpg","inLanguage":"es","potentialAction":[{"@type":"CommentAction","name":"Comment","target":["https:\/\/www.farmaindustria.es\/web\/prensa\/notas-de-prensa\/2020\/11\/11\/diagnostico-precoz-educacion-prevencion-e-investigacion-las-cuatro-armas-contra-la-diabetes\/#respond"]}]},{"@type":"WebPage","@id":"https:\/\/www.farmaindustria.es\/web\/prensa\/notas-de-prensa\/2020\/11\/11\/diagnostico-precoz-educacion-prevencion-e-investigacion-las-cuatro-armas-contra-la-diabetes\/","url":"https:\/\/www.farmaindustria.es\/web\/prensa\/notas-de-prensa\/2020\/11\/11\/diagnostico-precoz-educacion-prevencion-e-investigacion-las-cuatro-armas-contra-la-diabetes\/","name":"Diagn\u00f3stico precoz, educaci\u00f3n, prevenci\u00f3n e investigaci\u00f3n, las cuatro armas contra la diabetes - FarmaIndustria","isPartOf":{"@id":"https:\/\/www.farmaindustria.es\/web\/#website"},"primaryImageOfPage":{"@id":"https:\/\/www.farmaindustria.es\/web\/prensa\/notas-de-prensa\/2020\/11\/11\/diagnostico-precoz-educacion-prevencion-e-investigacion-las-cuatro-armas-contra-la-diabetes\/#primaryimage"},"image":{"@id":"https:\/\/www.farmaindustria.es\/web\/prensa\/notas-de-prensa\/2020\/11\/11\/diagnostico-precoz-educacion-prevencion-e-investigacion-las-cuatro-armas-contra-la-diabetes\/#primaryimage"},"thumbnailUrl":"https:\/\/www.farmaindustria.es\/web\/wp-content\/uploads\/sites\/2\/2020\/11\/dialogo-diabetes.jpg","datePublished":"2020-11-11T11:05:17+00:00","dateModified":"2024-07-26T10:33:48+00:00","author":{"@id":"https:\/\/www.farmaindustria.es\/web\/#\/schema\/person\/0d57b6fae0c4934a498036bc6e6733b5"},"breadcrumb":{"@id":"https:\/\/www.farmaindustria.es\/web\/prensa\/notas-de-prensa\/2020\/11\/11\/diagnostico-precoz-educacion-prevencion-e-investigacion-las-cuatro-armas-contra-la-diabetes\/#breadcrumb"},"inLanguage":"es","potentialAction":[{"@type":"ReadAction","target":["https:\/\/www.farmaindustria.es\/web\/prensa\/notas-de-prensa\/2020\/11\/11\/diagnostico-precoz-educacion-prevencion-e-investigacion-las-cuatro-armas-contra-la-diabetes\/"]}]},{"@type":"ImageObject","inLanguage":"es","@id":"https:\/\/www.farmaindustria.es\/web\/prensa\/notas-de-prensa\/2020\/11\/11\/diagnostico-precoz-educacion-prevencion-e-investigacion-las-cuatro-armas-contra-la-diabetes\/#primaryimage","url":"https:\/\/www.farmaindustria.es\/web\/wp-content\/uploads\/sites\/2\/2020\/11\/dialogo-diabetes.jpg","contentUrl":"https:\/\/www.farmaindustria.es\/web\/wp-content\/uploads\/sites\/2\/2020\/11\/dialogo-diabetes.jpg","width":1123,"height":576},{"@type":"BreadcrumbList","@id":"https:\/\/www.farmaindustria.es\/web\/prensa\/notas-de-prensa\/2020\/11\/11\/diagnostico-precoz-educacion-prevencion-e-investigacion-las-cuatro-armas-contra-la-diabetes\/#breadcrumb","itemListElement":[{"@type":"ListItem","position":1,"name":"Portada","item":"https:\/\/www.farmaindustria.es\/web\/"},{"@type":"ListItem","position":2,"name":"Diagn\u00f3stico precoz, educaci\u00f3n, prevenci\u00f3n e investigaci\u00f3n, las cuatro armas contra la diabetes"}]},{"@type":"WebSite","@id":"https:\/\/www.farmaindustria.es\/web\/#website","url":"https:\/\/www.farmaindustria.es\/web\/","name":"FarmaIndustria","description":"","potentialAction":[{"@type":"SearchAction","target":{"@type":"EntryPoint","urlTemplate":"https:\/\/www.farmaindustria.es\/web\/?s={search_term_string}"},"query-input":{"@type":"PropertyValueSpecification","valueRequired":true,"valueName":"search_term_string"}}],"inLanguage":"es"},{"@type":"Person","@id":"https:\/\/www.farmaindustria.es\/web\/#\/schema\/person\/0d57b6fae0c4934a498036bc6e6733b5","name":"Rosario Garc\u00eda del R\u00edo","image":{"@type":"ImageObject","inLanguage":"es","@id":"https:\/\/secure.gravatar.com\/avatar\/bff59fd2db59b008c364e4d2ca1199848ed356cd0684f97edaae91d80d8fc6bc?s=96&d=mm&r=g","url":"https:\/\/secure.gravatar.com\/avatar\/bff59fd2db59b008c364e4d2ca1199848ed356cd0684f97edaae91d80d8fc6bc?s=96&d=mm&r=g","contentUrl":"https:\/\/secure.gravatar.com\/avatar\/bff59fd2db59b008c364e4d2ca1199848ed356cd0684f97edaae91d80d8fc6bc?s=96&d=mm&r=g","caption":"Rosario Garc\u00eda del R\u00edo"},"url":"https:\/\/www.farmaindustria.es\/web\/prensa\/notas-de-prensa\/author\/rgarciadelrio\/"}]}},"_links":{"self":[{"href":"https:\/\/www.farmaindustria.es\/web\/wp-json\/wp\/v2\/posts\/12506","targetHints":{"allow":["GET"]}}],"collection":[{"href":"https:\/\/www.farmaindustria.es\/web\/wp-json\/wp\/v2\/posts"}],"about":[{"href":"https:\/\/www.farmaindustria.es\/web\/wp-json\/wp\/v2\/types\/post"}],"author":[{"embeddable":true,"href":"https:\/\/www.farmaindustria.es\/web\/wp-json\/wp\/v2\/users\/18"}],"replies":[{"embeddable":true,"href":"https:\/\/www.farmaindustria.es\/web\/wp-json\/wp\/v2\/comments?post=12506"}],"version-history":[{"count":3,"href":"https:\/\/www.farmaindustria.es\/web\/wp-json\/wp\/v2\/posts\/12506\/revisions"}],"predecessor-version":[{"id":20949,"href":"https:\/\/www.farmaindustria.es\/web\/wp-json\/wp\/v2\/posts\/12506\/revisions\/20949"}],"wp:featuredmedia":[{"embeddable":true,"href":"https:\/\/www.farmaindustria.es\/web\/wp-json\/wp\/v2\/media\/12507"}],"wp:attachment":[{"href":"https:\/\/www.farmaindustria.es\/web\/wp-json\/wp\/v2\/media?parent=12506"}],"curies":[{"name":"wp","href":"https:\/\/api.w.org\/{rel}","templated":true}]}}