{"id":1685,"date":"2011-04-13T14:17:50","date_gmt":"2011-04-13T12:17:50","guid":{"rendered":"https:\/\/www.farmaindustria.es\/web\/?p=1685"},"modified":"2014-01-02T14:18:11","modified_gmt":"2014-01-02T13:18:11","slug":"farmaindustria-afirma-que-la-retirada-de-la-prescripcion-de-133-medicamentos-es-una-medida-economicista-y-unilateral-a-la-que-falta-transparencia","status":"publish","type":"post","link":"https:\/\/www.farmaindustria.es\/web\/prensa\/notas-de-prensa\/2011\/04\/13\/farmaindustria-afirma-que-la-retirada-de-la-prescripcion-de-133-medicamentos-es-una-medida-economicista-y-unilateral-a-la-que-falta-transparencia\/","title":{"rendered":"Farmaindustria afirma que la retirada de la prescripci\u00f3n de 133 medicamentos es una medida economicista y unilateral a la que falta transparencia"},"content":{"rendered":"<p>El director de Relaciones con las Comunidades Aut\u00f3nomas y el director de Departamento T\u00e9cnico de Farmaindustria, Jos\u00e9 Ram\u00f3n Luis-Yag\u00fce y Emili Esteve, respectivamente, criticaron hoy en Toledo la decisi\u00f3n del Servicio de Salud de Castilla-La Mancha de (SESCAM) de retirar del programa de prescripci\u00f3n de m\u00e9dicos (TURRIANO) 133 medicamentos que a partir de este mes no se podr\u00e1n prescribir electr\u00f3nicamente, aunque s\u00ed en receta papel.<\/p>\n<p>En rueda de prensa alertaron de las graves consecuencias que tendr\u00e1 esta decisi\u00f3n administrativa desde cinco perspectivas. En primer lugar, se refirieron a las consecuencias que se van a derivar para los pacientes y ciudadanos de esta comunidad aut\u00f3noma, a los que se va a dificultar, sin motivo alguno, el acceso a medicamentos en condiciones de igualdad efectiva respecto a ciudadanos de otras regiones, forzando, por la v\u00eda de los hechos, a cambiar el tratamiento que ven\u00edan siguiendo, con los problemas de confusi\u00f3n y falta de adherencia que se pueden producir, y que afectar\u00e1n especialmente a la poblaci\u00f3n de mayor edad, pacientes cr\u00f3nicos y polimedicados.<\/p>\n<p>En segundo lugar, aseguraron que esta medida interfiere en la libre prescripci\u00f3n del m\u00e9dico, que se ver\u00e1 obligado a tener que intervenir sobre unos tratamientos que no lo requer\u00edan, lo que har\u00e1 que en algunos casos se decanten por sustituirlos y en otros decidan cambiarlos. Y en el caso de que, a pesar de las dificultades burocr\u00e1ticas que se les imponen, los m\u00e9dicos decidan seguir prescribiendo a sus pacientes estos medicamentos excluidos, tendr\u00e1n que hacerlo en recetas de papel, con lo que puede que no queden recogidos en el hist\u00f3rico de tratamientos del paciente, generando una p\u00e9rdida de informaci\u00f3n muy relevante desde el punto de vista cl\u00ednico. \u201cPara medicamentos que el Ministerio de Sanidad ha incluido en la prestaci\u00f3n sanitaria p\u00fablica para todos los espa\u00f1oles, los m\u00e9dicos castellanomanchegos van a tener que hacer un arreglo, poner un parche que no era necesario\u201d, se lamentaron los representantes de Farmaindustria.<\/p>\n<p>Asimismo, afirmaron que, desde el punto de vista tecnol\u00f3gico, se trata de una medida incomprensible, pues en un momento en el que todas las comunidades aut\u00f3nomas se esfuerzan por tener aplicaciones inform\u00e1ticas como la receta electr\u00f3nica, en beneficio del paciente, el Servicio de Salud de Castilla-La Mancha obliga a que un gran n\u00famero de medicamentos queden fuera del circuito tecnol\u00f3gico y s\u00f3lo puedan ser prescritos en receta papel. Pero, adem\u00e1s de incomprensible, es una medida contradictoria, ya que aunque hoy se acepta la posibilidad de que estos medicamentos se puedan prescribir en receta de papel, el objetivo de la administraci\u00f3n sanitaria regional es que el a\u00f1o 2012 la receta electr\u00f3nica est\u00e9 totalmente implantada en Castilla-La Mancha, lo que llevar\u00e1 a la pr\u00e1ctica desaparici\u00f3n de la receta de papel y, por tanto a la exclusi\u00f3n de estos medicamentos de la prestaci\u00f3n farmac\u00e9utica de esta Comunidad.<\/p>\n<p>El director de Relaciones con las Comunidades Aut\u00f3nomas y el director de Departamento T\u00e9cnico de Farmaindustria hicieron tambi\u00e9n hincapi\u00e9 en que la decisi\u00f3n de imponer restricciones a la prescripci\u00f3n de 133 medicamentos ha encontrado la oposici\u00f3n un\u00e1nime de todos los agentes de la cadena del medicamento, desde la industria innovadora, la distribuci\u00f3n, los farmac\u00e9uticos, los pacientes y los propios m\u00e9dicos, \u201clo que en s\u00ed mismo \u2013 argumentaron &#8211; pone en tela de juicio esta medida\u201d.<\/p>\n<p>Por \u00faltimo, y en lo que a la industria farmac\u00e9utica se refiere, adem\u00e1s de recordar que Farmaindustria adoptar\u00e1 las oportunas acciones legales para hacer frente a esta arbitraria decisi\u00f3n, aseguraron que la medida carece de todas las garant\u00edas que son exigibles a los actos de las Administraciones P\u00fablicas pues no se sabe qu\u00e9 criterios se han seguido para su adopci\u00f3n, cu\u00e1nto se prolongar\u00e1 en el tiempo, cu\u00e1les son sus l\u00edmites y si podr\u00eda afectar en un futuro a m\u00e1s medicamentos.<\/p>\n<p>Adem\u00e1s, criticaron su unilateralidad al no haberse habilitado oficialmente un tr\u00e1mite de audiencia para las partes implicadas, a las que no se ha escuchado durante el proceso de su elaboraci\u00f3n. \u201cSe trata, en definitiva, de una disposici\u00f3n carente totalmente de transparencia, que no es neutral y que origina importantes perjuicios a las compa\u00f1\u00edas farmac\u00e9uticas, que ver\u00e1n que las restricciones impuestas a la prescripci\u00f3n de estos medicamentos les puede expulsar del mercado castellanomanchego, lo que podr\u00eda dar lugar a las consiguientes responsabilidades\u201d, concluyeron.<\/p>\n","protected":false},"excerpt":{"rendered":"<p>El director de Relaciones con las Comunidades Aut\u00f3nomas y el director de Departamento T\u00e9cnico de Farmaindustria, Jos\u00e9 Ram\u00f3n Luis-Yag\u00fce y Emili Esteve, respectivamente, criticaron hoy en Toledo la decisi\u00f3n del Servicio de Salud de Castilla-La Mancha de (SESCAM) de retirar del programa de prescripci\u00f3n de m\u00e9dicos (TURRIANO) 133 medicamentos que a partir de este mes  <a href=\"https:\/\/www.farmaindustria.es\/web\/prensa\/notas-de-prensa\/2011\/04\/13\/farmaindustria-afirma-que-la-retirada-de-la-prescripcion-de-133-medicamentos-es-una-medida-economicista-y-unilateral-a-la-que-falta-transparencia\/\" class=\"read-more\">&hellip;<\/a><\/p>\n","protected":false},"author":9,"featured_media":0,"comment_status":"open","ping_status":"open","sticky":false,"template":"","format":"standard","meta":{"_acf_changed":false,"footnotes":""},"class_list":["post-1685","post","type-post","status-publish","format-standard","hentry","tema-medicamentos","tema-pacientes","tema-transparencia","organismo-consejeria-de-sanidad-de-castilla-la-mancha"],"acf":[],"yoast_head":"<!-- This site is optimized with the Yoast SEO plugin v27.4 - https:\/\/yoast.com\/product\/yoast-seo-wordpress\/ -->\n<title>Farmaindustria afirma que la retirada de la prescripci\u00f3n de 133 medicamentos es una medida economicista y unilateral a la que falta transparencia - FarmaIndustria<\/title>\n<meta name=\"robots\" content=\"index, follow, max-snippet:-1, max-image-preview:large, max-video-preview:-1\" \/>\n<link rel=\"canonical\" href=\"https:\/\/www.farmaindustria.es\/web\/prensa\/notas-de-prensa\/2011\/04\/13\/farmaindustria-afirma-que-la-retirada-de-la-prescripcion-de-133-medicamentos-es-una-medida-economicista-y-unilateral-a-la-que-falta-transparencia\/\" \/>\n<meta property=\"og:locale\" content=\"es_ES\" \/>\n<meta property=\"og:type\" content=\"article\" \/>\n<meta property=\"og:title\" content=\"Farmaindustria afirma que la retirada de la prescripci\u00f3n de 133 medicamentos es una medida economicista y unilateral a la que falta transparencia - FarmaIndustria\" \/>\n<meta property=\"og:description\" content=\"El director de Relaciones con las Comunidades Aut\u00f3nomas y el director de Departamento T\u00e9cnico de Farmaindustria, Jos\u00e9 Ram\u00f3n Luis-Yag\u00fce y Emili Esteve, respectivamente, criticaron hoy en Toledo la decisi\u00f3n del Servicio de Salud de Castilla-La Mancha de (SESCAM) de retirar del programa de prescripci\u00f3n de m\u00e9dicos (TURRIANO) 133 medicamentos que a partir de este mes &hellip;\" \/>\n<meta property=\"og:url\" content=\"https:\/\/www.farmaindustria.es\/web\/prensa\/notas-de-prensa\/2011\/04\/13\/farmaindustria-afirma-que-la-retirada-de-la-prescripcion-de-133-medicamentos-es-una-medida-economicista-y-unilateral-a-la-que-falta-transparencia\/\" \/>\n<meta property=\"og:site_name\" content=\"FarmaIndustria\" \/>\n<meta property=\"article:publisher\" content=\"https:\/\/www.facebook.com\/pages\/Farmaindustria\/730634013647836?ref=hl\" \/>\n<meta property=\"article:published_time\" content=\"2011-04-13T12:17:50+00:00\" \/>\n<meta property=\"article:modified_time\" content=\"2014-01-02T13:18:11+00:00\" \/>\n<meta property=\"og:image\" content=\"https:\/\/www.farmaindustria.es\/web\/wp-content\/uploads\/sites\/2\/2014\/03\/logo-farmaindustria.png\" \/>\n\t<meta property=\"og:image:width\" content=\"200\" \/>\n\t<meta property=\"og:image:height\" content=\"200\" \/>\n\t<meta property=\"og:image:type\" content=\"image\/png\" \/>\n<meta name=\"author\" content=\"Nuria Ramos\" \/>\n<meta name=\"twitter:card\" content=\"summary_large_image\" \/>\n<meta name=\"twitter:creator\" content=\"@FarmaIndustria\" \/>\n<meta name=\"twitter:site\" content=\"@FarmaIndustria\" \/>\n<meta name=\"twitter:label1\" content=\"Escrito por\" \/>\n\t<meta name=\"twitter:data1\" content=\"Nuria Ramos\" \/>\n\t<meta name=\"twitter:label2\" content=\"Tiempo de lectura\" \/>\n\t<meta name=\"twitter:data2\" content=\"4 minutos\" \/>\n<script type=\"application\/ld+json\" class=\"yoast-schema-graph\">{\"@context\":\"https:\\\/\\\/schema.org\",\"@graph\":[{\"@type\":\"Article\",\"@id\":\"https:\\\/\\\/www.farmaindustria.es\\\/web\\\/prensa\\\/notas-de-prensa\\\/2011\\\/04\\\/13\\\/farmaindustria-afirma-que-la-retirada-de-la-prescripcion-de-133-medicamentos-es-una-medida-economicista-y-unilateral-a-la-que-falta-transparencia\\\/#article\",\"isPartOf\":{\"@id\":\"https:\\\/\\\/www.farmaindustria.es\\\/web\\\/prensa\\\/notas-de-prensa\\\/2011\\\/04\\\/13\\\/farmaindustria-afirma-que-la-retirada-de-la-prescripcion-de-133-medicamentos-es-una-medida-economicista-y-unilateral-a-la-que-falta-transparencia\\\/\"},\"author\":{\"name\":\"Nuria Ramos\",\"@id\":\"https:\\\/\\\/www.farmaindustria.es\\\/web\\\/#\\\/schema\\\/person\\\/87d79f17502906d3b0f3f373c5f736e7\"},\"headline\":\"Farmaindustria afirma que la retirada de la prescripci\u00f3n de 133 medicamentos es una medida economicista y unilateral a la que falta transparencia\",\"datePublished\":\"2011-04-13T12:17:50+00:00\",\"dateModified\":\"2014-01-02T13:18:11+00:00\",\"mainEntityOfPage\":{\"@id\":\"https:\\\/\\\/www.farmaindustria.es\\\/web\\\/prensa\\\/notas-de-prensa\\\/2011\\\/04\\\/13\\\/farmaindustria-afirma-que-la-retirada-de-la-prescripcion-de-133-medicamentos-es-una-medida-economicista-y-unilateral-a-la-que-falta-transparencia\\\/\"},\"wordCount\":794,\"commentCount\":0,\"inLanguage\":\"es\",\"potentialAction\":[{\"@type\":\"CommentAction\",\"name\":\"Comment\",\"target\":[\"https:\\\/\\\/www.farmaindustria.es\\\/web\\\/prensa\\\/notas-de-prensa\\\/2011\\\/04\\\/13\\\/farmaindustria-afirma-que-la-retirada-de-la-prescripcion-de-133-medicamentos-es-una-medida-economicista-y-unilateral-a-la-que-falta-transparencia\\\/#respond\"]}]},{\"@type\":\"WebPage\",\"@id\":\"https:\\\/\\\/www.farmaindustria.es\\\/web\\\/prensa\\\/notas-de-prensa\\\/2011\\\/04\\\/13\\\/farmaindustria-afirma-que-la-retirada-de-la-prescripcion-de-133-medicamentos-es-una-medida-economicista-y-unilateral-a-la-que-falta-transparencia\\\/\",\"url\":\"https:\\\/\\\/www.farmaindustria.es\\\/web\\\/prensa\\\/notas-de-prensa\\\/2011\\\/04\\\/13\\\/farmaindustria-afirma-que-la-retirada-de-la-prescripcion-de-133-medicamentos-es-una-medida-economicista-y-unilateral-a-la-que-falta-transparencia\\\/\",\"name\":\"Farmaindustria afirma que la retirada de la prescripci\u00f3n de 133 medicamentos es una medida economicista y unilateral a la que falta transparencia - FarmaIndustria\",\"isPartOf\":{\"@id\":\"https:\\\/\\\/www.farmaindustria.es\\\/web\\\/#website\"},\"datePublished\":\"2011-04-13T12:17:50+00:00\",\"dateModified\":\"2014-01-02T13:18:11+00:00\",\"author\":{\"@id\":\"https:\\\/\\\/www.farmaindustria.es\\\/web\\\/#\\\/schema\\\/person\\\/87d79f17502906d3b0f3f373c5f736e7\"},\"breadcrumb\":{\"@id\":\"https:\\\/\\\/www.farmaindustria.es\\\/web\\\/prensa\\\/notas-de-prensa\\\/2011\\\/04\\\/13\\\/farmaindustria-afirma-que-la-retirada-de-la-prescripcion-de-133-medicamentos-es-una-medida-economicista-y-unilateral-a-la-que-falta-transparencia\\\/#breadcrumb\"},\"inLanguage\":\"es\",\"potentialAction\":[{\"@type\":\"ReadAction\",\"target\":[\"https:\\\/\\\/www.farmaindustria.es\\\/web\\\/prensa\\\/notas-de-prensa\\\/2011\\\/04\\\/13\\\/farmaindustria-afirma-que-la-retirada-de-la-prescripcion-de-133-medicamentos-es-una-medida-economicista-y-unilateral-a-la-que-falta-transparencia\\\/\"]}]},{\"@type\":\"BreadcrumbList\",\"@id\":\"https:\\\/\\\/www.farmaindustria.es\\\/web\\\/prensa\\\/notas-de-prensa\\\/2011\\\/04\\\/13\\\/farmaindustria-afirma-que-la-retirada-de-la-prescripcion-de-133-medicamentos-es-una-medida-economicista-y-unilateral-a-la-que-falta-transparencia\\\/#breadcrumb\",\"itemListElement\":[{\"@type\":\"ListItem\",\"position\":1,\"name\":\"Portada\",\"item\":\"https:\\\/\\\/www.farmaindustria.es\\\/web\\\/\"},{\"@type\":\"ListItem\",\"position\":2,\"name\":\"Farmaindustria afirma que la retirada de la prescripci\u00f3n de 133 medicamentos es una medida economicista y unilateral a la que falta transparencia\"}]},{\"@type\":\"WebSite\",\"@id\":\"https:\\\/\\\/www.farmaindustria.es\\\/web\\\/#website\",\"url\":\"https:\\\/\\\/www.farmaindustria.es\\\/web\\\/\",\"name\":\"FarmaIndustria\",\"description\":\"\",\"potentialAction\":[{\"@type\":\"SearchAction\",\"target\":{\"@type\":\"EntryPoint\",\"urlTemplate\":\"https:\\\/\\\/www.farmaindustria.es\\\/web\\\/?s={search_term_string}\"},\"query-input\":{\"@type\":\"PropertyValueSpecification\",\"valueRequired\":true,\"valueName\":\"search_term_string\"}}],\"inLanguage\":\"es\"},{\"@type\":\"Person\",\"@id\":\"https:\\\/\\\/www.farmaindustria.es\\\/web\\\/#\\\/schema\\\/person\\\/87d79f17502906d3b0f3f373c5f736e7\",\"name\":\"Nuria Ramos\",\"image\":{\"@type\":\"ImageObject\",\"inLanguage\":\"es\",\"@id\":\"https:\\\/\\\/secure.gravatar.com\\\/avatar\\\/0df33e9aeca5d23b36fa7f4ebe698ade7bbff136286013ec2f13457569bd5d09?s=96&d=mm&r=g\",\"url\":\"https:\\\/\\\/secure.gravatar.com\\\/avatar\\\/0df33e9aeca5d23b36fa7f4ebe698ade7bbff136286013ec2f13457569bd5d09?s=96&d=mm&r=g\",\"contentUrl\":\"https:\\\/\\\/secure.gravatar.com\\\/avatar\\\/0df33e9aeca5d23b36fa7f4ebe698ade7bbff136286013ec2f13457569bd5d09?s=96&d=mm&r=g\",\"caption\":\"Nuria Ramos\"},\"url\":\"https:\\\/\\\/www.farmaindustria.es\\\/web\\\/prensa\\\/notas-de-prensa\\\/author\\\/nuriaramos\\\/\"}]}<\/script>\n<!-- \/ Yoast SEO plugin. -->","yoast_head_json":{"title":"Farmaindustria afirma que la retirada de la prescripci\u00f3n de 133 medicamentos es una medida economicista y unilateral a la que falta transparencia - FarmaIndustria","robots":{"index":"index","follow":"follow","max-snippet":"max-snippet:-1","max-image-preview":"max-image-preview:large","max-video-preview":"max-video-preview:-1"},"canonical":"https:\/\/www.farmaindustria.es\/web\/prensa\/notas-de-prensa\/2011\/04\/13\/farmaindustria-afirma-que-la-retirada-de-la-prescripcion-de-133-medicamentos-es-una-medida-economicista-y-unilateral-a-la-que-falta-transparencia\/","og_locale":"es_ES","og_type":"article","og_title":"Farmaindustria afirma que la retirada de la prescripci\u00f3n de 133 medicamentos es una medida economicista y unilateral a la que falta transparencia - FarmaIndustria","og_description":"El director de Relaciones con las Comunidades Aut\u00f3nomas y el director de Departamento T\u00e9cnico de Farmaindustria, Jos\u00e9 Ram\u00f3n Luis-Yag\u00fce y Emili Esteve, respectivamente, criticaron hoy en Toledo la decisi\u00f3n del Servicio de Salud de Castilla-La Mancha de (SESCAM) de retirar del programa de prescripci\u00f3n de m\u00e9dicos (TURRIANO) 133 medicamentos que a partir de este mes &hellip;","og_url":"https:\/\/www.farmaindustria.es\/web\/prensa\/notas-de-prensa\/2011\/04\/13\/farmaindustria-afirma-que-la-retirada-de-la-prescripcion-de-133-medicamentos-es-una-medida-economicista-y-unilateral-a-la-que-falta-transparencia\/","og_site_name":"FarmaIndustria","article_publisher":"https:\/\/www.facebook.com\/pages\/Farmaindustria\/730634013647836?ref=hl","article_published_time":"2011-04-13T12:17:50+00:00","article_modified_time":"2014-01-02T13:18:11+00:00","og_image":[{"width":200,"height":200,"url":"https:\/\/www.farmaindustria.es\/web\/wp-content\/uploads\/sites\/2\/2014\/03\/logo-farmaindustria.png","type":"image\/png"}],"author":"Nuria Ramos","twitter_card":"summary_large_image","twitter_creator":"@FarmaIndustria","twitter_site":"@FarmaIndustria","twitter_misc":{"Escrito por":"Nuria Ramos","Tiempo de lectura":"4 minutos"},"schema":{"@context":"https:\/\/schema.org","@graph":[{"@type":"Article","@id":"https:\/\/www.farmaindustria.es\/web\/prensa\/notas-de-prensa\/2011\/04\/13\/farmaindustria-afirma-que-la-retirada-de-la-prescripcion-de-133-medicamentos-es-una-medida-economicista-y-unilateral-a-la-que-falta-transparencia\/#article","isPartOf":{"@id":"https:\/\/www.farmaindustria.es\/web\/prensa\/notas-de-prensa\/2011\/04\/13\/farmaindustria-afirma-que-la-retirada-de-la-prescripcion-de-133-medicamentos-es-una-medida-economicista-y-unilateral-a-la-que-falta-transparencia\/"},"author":{"name":"Nuria Ramos","@id":"https:\/\/www.farmaindustria.es\/web\/#\/schema\/person\/87d79f17502906d3b0f3f373c5f736e7"},"headline":"Farmaindustria afirma que la retirada de la prescripci\u00f3n de 133 medicamentos es una medida economicista y unilateral a la que falta transparencia","datePublished":"2011-04-13T12:17:50+00:00","dateModified":"2014-01-02T13:18:11+00:00","mainEntityOfPage":{"@id":"https:\/\/www.farmaindustria.es\/web\/prensa\/notas-de-prensa\/2011\/04\/13\/farmaindustria-afirma-que-la-retirada-de-la-prescripcion-de-133-medicamentos-es-una-medida-economicista-y-unilateral-a-la-que-falta-transparencia\/"},"wordCount":794,"commentCount":0,"inLanguage":"es","potentialAction":[{"@type":"CommentAction","name":"Comment","target":["https:\/\/www.farmaindustria.es\/web\/prensa\/notas-de-prensa\/2011\/04\/13\/farmaindustria-afirma-que-la-retirada-de-la-prescripcion-de-133-medicamentos-es-una-medida-economicista-y-unilateral-a-la-que-falta-transparencia\/#respond"]}]},{"@type":"WebPage","@id":"https:\/\/www.farmaindustria.es\/web\/prensa\/notas-de-prensa\/2011\/04\/13\/farmaindustria-afirma-que-la-retirada-de-la-prescripcion-de-133-medicamentos-es-una-medida-economicista-y-unilateral-a-la-que-falta-transparencia\/","url":"https:\/\/www.farmaindustria.es\/web\/prensa\/notas-de-prensa\/2011\/04\/13\/farmaindustria-afirma-que-la-retirada-de-la-prescripcion-de-133-medicamentos-es-una-medida-economicista-y-unilateral-a-la-que-falta-transparencia\/","name":"Farmaindustria afirma que la retirada de la prescripci\u00f3n de 133 medicamentos es una medida economicista y unilateral a la que falta transparencia - FarmaIndustria","isPartOf":{"@id":"https:\/\/www.farmaindustria.es\/web\/#website"},"datePublished":"2011-04-13T12:17:50+00:00","dateModified":"2014-01-02T13:18:11+00:00","author":{"@id":"https:\/\/www.farmaindustria.es\/web\/#\/schema\/person\/87d79f17502906d3b0f3f373c5f736e7"},"breadcrumb":{"@id":"https:\/\/www.farmaindustria.es\/web\/prensa\/notas-de-prensa\/2011\/04\/13\/farmaindustria-afirma-que-la-retirada-de-la-prescripcion-de-133-medicamentos-es-una-medida-economicista-y-unilateral-a-la-que-falta-transparencia\/#breadcrumb"},"inLanguage":"es","potentialAction":[{"@type":"ReadAction","target":["https:\/\/www.farmaindustria.es\/web\/prensa\/notas-de-prensa\/2011\/04\/13\/farmaindustria-afirma-que-la-retirada-de-la-prescripcion-de-133-medicamentos-es-una-medida-economicista-y-unilateral-a-la-que-falta-transparencia\/"]}]},{"@type":"BreadcrumbList","@id":"https:\/\/www.farmaindustria.es\/web\/prensa\/notas-de-prensa\/2011\/04\/13\/farmaindustria-afirma-que-la-retirada-de-la-prescripcion-de-133-medicamentos-es-una-medida-economicista-y-unilateral-a-la-que-falta-transparencia\/#breadcrumb","itemListElement":[{"@type":"ListItem","position":1,"name":"Portada","item":"https:\/\/www.farmaindustria.es\/web\/"},{"@type":"ListItem","position":2,"name":"Farmaindustria afirma que la retirada de la prescripci\u00f3n de 133 medicamentos es una medida economicista y unilateral a la que falta transparencia"}]},{"@type":"WebSite","@id":"https:\/\/www.farmaindustria.es\/web\/#website","url":"https:\/\/www.farmaindustria.es\/web\/","name":"FarmaIndustria","description":"","potentialAction":[{"@type":"SearchAction","target":{"@type":"EntryPoint","urlTemplate":"https:\/\/www.farmaindustria.es\/web\/?s={search_term_string}"},"query-input":{"@type":"PropertyValueSpecification","valueRequired":true,"valueName":"search_term_string"}}],"inLanguage":"es"},{"@type":"Person","@id":"https:\/\/www.farmaindustria.es\/web\/#\/schema\/person\/87d79f17502906d3b0f3f373c5f736e7","name":"Nuria Ramos","image":{"@type":"ImageObject","inLanguage":"es","@id":"https:\/\/secure.gravatar.com\/avatar\/0df33e9aeca5d23b36fa7f4ebe698ade7bbff136286013ec2f13457569bd5d09?s=96&d=mm&r=g","url":"https:\/\/secure.gravatar.com\/avatar\/0df33e9aeca5d23b36fa7f4ebe698ade7bbff136286013ec2f13457569bd5d09?s=96&d=mm&r=g","contentUrl":"https:\/\/secure.gravatar.com\/avatar\/0df33e9aeca5d23b36fa7f4ebe698ade7bbff136286013ec2f13457569bd5d09?s=96&d=mm&r=g","caption":"Nuria Ramos"},"url":"https:\/\/www.farmaindustria.es\/web\/prensa\/notas-de-prensa\/author\/nuriaramos\/"}]}},"_links":{"self":[{"href":"https:\/\/www.farmaindustria.es\/web\/wp-json\/wp\/v2\/posts\/1685","targetHints":{"allow":["GET"]}}],"collection":[{"href":"https:\/\/www.farmaindustria.es\/web\/wp-json\/wp\/v2\/posts"}],"about":[{"href":"https:\/\/www.farmaindustria.es\/web\/wp-json\/wp\/v2\/types\/post"}],"author":[{"embeddable":true,"href":"https:\/\/www.farmaindustria.es\/web\/wp-json\/wp\/v2\/users\/9"}],"replies":[{"embeddable":true,"href":"https:\/\/www.farmaindustria.es\/web\/wp-json\/wp\/v2\/comments?post=1685"}],"version-history":[{"count":2,"href":"https:\/\/www.farmaindustria.es\/web\/wp-json\/wp\/v2\/posts\/1685\/revisions"}],"predecessor-version":[{"id":1687,"href":"https:\/\/www.farmaindustria.es\/web\/wp-json\/wp\/v2\/posts\/1685\/revisions\/1687"}],"wp:attachment":[{"href":"https:\/\/www.farmaindustria.es\/web\/wp-json\/wp\/v2\/media?parent=1685"}],"curies":[{"name":"wp","href":"https:\/\/api.w.org\/{rel}","templated":true}]}}