{"id":1893,"date":"2010-12-16T10:40:07","date_gmt":"2010-12-16T09:40:07","guid":{"rendered":"https:\/\/www.farmaindustria.es\/web\/?p=1893"},"modified":"2014-01-03T10:42:16","modified_gmt":"2014-01-03T09:42:16","slug":"la-industria-farmaceutica-refuerza-su-codigo-de-buenas-practicas-de-promocion-de-medicamentos-y-de-interrelacion-con-profesionales-sanitarios","status":"publish","type":"post","link":"https:\/\/www.farmaindustria.es\/web\/prensa\/notas-de-prensa\/2010\/12\/16\/la-industria-farmaceutica-refuerza-su-codigo-de-buenas-practicas-de-promocion-de-medicamentos-y-de-interrelacion-con-profesionales-sanitarios\/","title":{"rendered":"La industria farmac\u00e9utica refuerza su C\u00f3digo de Buenas Pr\u00e1cticas de Promoci\u00f3n de Medicamentos y de Interrelaci\u00f3n con Profesionales Sanitarios"},"content":{"rendered":"<p>La Asamblea General de Farmaindustria aprob\u00f3 el pasado mes de octubre el reforzamiento del C\u00f3digo Espa\u00f1ol de Buenas Pr\u00e1cticas de Promoci\u00f3n de Medicamentos y de Interrelaci\u00f3n de la Industria Farmac\u00e9utica con los Profesionales Sanitarios como evidencia del compromiso de la industria farmac\u00e9utica con la mejora contin\u00faa y reforzamiento de su sistema de autorregulaci\u00f3n, garantizando su eficacia y potenciando su credibilidad y transparencia.<\/p>\n<p>Las novedades de esta nueva versi\u00f3n del C\u00f3digo, que afectan de forma importante al art\u00edculo 11, relativo a hospitalidad y reuniones, fueron hoy expuestas en un encuentro informativo en Madrid por Jos\u00e9 Zamarriego, director de la Unidad de Supervisi\u00f3n Deontol\u00f3gica de Farmaindustria, entidad encargada de supervisar el cumplimiento del C\u00f3digo, al que acompa\u00f1aron Matilde Almand\u00f3z, presidenta de la Asociaci\u00f3n OPC Madrid, y Julio Abreu, presidente de Honor de EFAPCO.<\/p>\n<p>El nuevo articulado proh\u00edbe a la industria participar o financiar eventos cuyo programa contenga elementos de car\u00e1cter social o l\u00fadico o promueva la asistencia de acompa\u00f1antes. En concreto, el apartado 1 establece los eventos que los laboratorios farmac\u00e9uticos podr\u00e1n organizar o aquellos en los que podr\u00e1n colaborar \u2014\u00bbeventos de car\u00e1cter exclusivamente cient\u00edfico-profesional\u00bb\u2014, no permiti\u00e9ndose la organizaci\u00f3n o colaboraci\u00f3n en eventos que contengan elementos o actividades de entretenimiento o car\u00e1cter l\u00fadico. Dentro de esta prohibici\u00f3n se excluye la pausa-caf\u00e9, c\u00f3ctel de bienvenida, vino espa\u00f1ol, almuerzo de trabajo o cena de gala o clausura siempre que sea razonable y moderado y no incluya alg\u00fan elemento social o cultural como por ejemplo un concierto, una visita guiada por un museo (si el c\u00f3ctel se realiza en dicha sede), una actuaci\u00f3n de un humorista\/ cantante\/ grupo musical\/ mago, discoteca y baile, etc.<\/p>\n<p>Asimismo, el apartado 2 delimita la naturaleza, alcance y significado del concepto \u201chospitalidad\u201d cuando la misma es ofrecida por una compa\u00f1\u00eda farmac\u00e9utica en un evento organizado\/patrocinado mayoritariamente por \u00e9sta o en un evento organizado por un tercero en el que aqu\u00e9lla colabora. Se hace hincapi\u00e9 en que la \u201chospitalidad\u201d debe ser siempre razonable y no superar lo que el destinatario estar\u00eda dispuesto a pagar, pudiendo incluir los gastos reales de desplazamiento, inscripci\u00f3n y estancia (debiendo ser estos mesurados y no exagerados y ajust\u00e1ndose a los d\u00edas de duraci\u00f3n de la reuni\u00f3n cient\u00edfica). El objetivo es que los organizadores velen por que sea el programa cient\u00edfico-profesional el principal foco de inter\u00e9s del evento y que tengan en cuenta que cualquier otro elemento distinto del anterior debe resultar accesorio y secundario y no interferir con el objetivo principal del evento.<\/p>\n<p>Durante el encuentro informativo mantenido hoy en Madrid para dar a conocer las novedades relativas al C\u00f3digo Espa\u00f1ol de Buenas Pr\u00e1cticas de Promoci\u00f3n de Medicamentos y de Interrelaci\u00f3n de la Industria Farmac\u00e9utica con los Profesionales Sanitarios se hizo hincapi\u00e9 en la necesidad de distinguir los eventos organizados y\/o patrocinados mayoritariamente por un laboratorio, de los eventos organizados por un tercero.<\/p>\n<p>As\u00ed, para los eventos organizados o patrocinados mayoritariamente por un laboratorio no se establece periodo de adaptaci\u00f3n alguno, de tal forma que la nueva versi\u00f3n del art\u00edculo 11 resulta exigible a los laboratorios desde el d\u00eda siguiente a su aprobaci\u00f3n. Para los eventos nacionales organizados por terceros (Sociedades Cient\u00edficas, Organizadores Profesionales de Congresos OPC\u00b4s etc.): se ha previsto establecer un periodo de adaptaci\u00f3n \u2014hasta el 30 de junio de 2011\u2014 que, por un lado, permita a los laboratorios farmac\u00e9uticos su cumplimiento y, por otro, facilite a los organizadores de estos eventos \u2014sociedades cient\u00edficas, colegios profesionales, etc.\u2014 la adaptaci\u00f3n de sus programas con la suficiente antelaci\u00f3n, habida cuenta de que la nueva redacci\u00f3n del C\u00f3digo no permite a las compa\u00f1\u00edas farmac\u00e9uticas colaborar o participar en eventos que contengan elementos o actividades de entretenimiento, ocio o culturales (excluyendo los actos antes mencionados en el apartado 1) como por ejemplo cruceros o paseos en barco, visitas culturales, actividades deportivas tales como partidos de f\u00fatbol, campeonatos de golf, conciertos o actuaciones musicales, culturales, etc; prevean la presencia de acompa\u00f1antes; o que prevean una hospitalidad m\u00e1s all\u00e1 de su duraci\u00f3n cient\u00edfica.<\/p>\n<p>Finalmente, para eventos internacionales organizados por terceros (Sociedades Cient\u00edficas, OPC\u00b4s, etc.) se considera necesario acompasar la entrada en vigor de estos nuevos criterios m\u00e1s restrictivos con el avance de los trabajos de las asociaciones de la industria a nivel europeo (EFPIA) y mundial (IFPMA), a fin de unificar los est\u00e1ndares internacionales de organizaci\u00f3n de congresos y reuniones cient\u00edficas.<br \/>\nEst\u00e1 previsto el desarrollo de actividades de informaci\u00f3n y divulgaci\u00f3n dirigidas tanto a los propios laboratorios farmac\u00e9uticos como a las sociedades cient\u00edficas, OPC\u00b4s, secretar\u00edas t\u00e9cnicas, y dem\u00e1s grupos de inter\u00e9s involucrados en la organizaci\u00f3n y gesti\u00f3n de congresos.<\/p>\n","protected":false},"excerpt":{"rendered":"<p>La Asamblea General de Farmaindustria aprob\u00f3 el pasado mes de octubre el reforzamiento del C\u00f3digo Espa\u00f1ol de Buenas Pr\u00e1cticas de Promoci\u00f3n de Medicamentos y de Interrelaci\u00f3n de la Industria Farmac\u00e9utica con los Profesionales Sanitarios como evidencia del compromiso de la industria farmac\u00e9utica con la mejora contin\u00faa y reforzamiento de su sistema de autorregulaci\u00f3n, garantizando su  <a href=\"https:\/\/www.farmaindustria.es\/web\/prensa\/notas-de-prensa\/2010\/12\/16\/la-industria-farmaceutica-refuerza-su-codigo-de-buenas-practicas-de-promocion-de-medicamentos-y-de-interrelacion-con-profesionales-sanitarios\/\" class=\"read-more\">&hellip;<\/a><\/p>\n","protected":false},"author":9,"featured_media":0,"comment_status":"open","ping_status":"open","sticky":false,"template":"","format":"standard","meta":{"_acf_changed":false,"footnotes":""},"class_list":["post-1893","post","type-post","status-publish","format-standard","hentry","tema-buenas-practicas","tema-legislacion","tema-medicamentos","tema-transparencia","organismo-efpia","organismo-ifpma"],"acf":[],"yoast_head":"<!-- This site is optimized with the Yoast SEO plugin v27.4 - https:\/\/yoast.com\/product\/yoast-seo-wordpress\/ -->\n<title>La industria farmac\u00e9utica refuerza su C\u00f3digo de Buenas Pr\u00e1cticas de Promoci\u00f3n de Medicamentos y de Interrelaci\u00f3n con Profesionales Sanitarios - FarmaIndustria<\/title>\n<meta name=\"robots\" content=\"index, follow, max-snippet:-1, max-image-preview:large, max-video-preview:-1\" \/>\n<link rel=\"canonical\" href=\"https:\/\/www.farmaindustria.es\/web\/prensa\/notas-de-prensa\/2010\/12\/16\/la-industria-farmaceutica-refuerza-su-codigo-de-buenas-practicas-de-promocion-de-medicamentos-y-de-interrelacion-con-profesionales-sanitarios\/\" \/>\n<meta property=\"og:locale\" content=\"es_ES\" \/>\n<meta property=\"og:type\" content=\"article\" \/>\n<meta property=\"og:title\" content=\"La industria farmac\u00e9utica refuerza su C\u00f3digo de Buenas Pr\u00e1cticas de Promoci\u00f3n de Medicamentos y de Interrelaci\u00f3n con Profesionales Sanitarios - FarmaIndustria\" \/>\n<meta property=\"og:description\" content=\"La Asamblea General de Farmaindustria aprob\u00f3 el pasado mes de octubre el reforzamiento del C\u00f3digo Espa\u00f1ol de Buenas Pr\u00e1cticas de Promoci\u00f3n de Medicamentos y de Interrelaci\u00f3n de la Industria Farmac\u00e9utica con los Profesionales Sanitarios como evidencia del compromiso de la industria farmac\u00e9utica con la mejora contin\u00faa y reforzamiento de su sistema de autorregulaci\u00f3n, garantizando su &hellip;\" \/>\n<meta property=\"og:url\" content=\"https:\/\/www.farmaindustria.es\/web\/prensa\/notas-de-prensa\/2010\/12\/16\/la-industria-farmaceutica-refuerza-su-codigo-de-buenas-practicas-de-promocion-de-medicamentos-y-de-interrelacion-con-profesionales-sanitarios\/\" \/>\n<meta property=\"og:site_name\" content=\"FarmaIndustria\" \/>\n<meta property=\"article:publisher\" content=\"https:\/\/www.facebook.com\/pages\/Farmaindustria\/730634013647836?ref=hl\" \/>\n<meta property=\"article:published_time\" content=\"2010-12-16T09:40:07+00:00\" \/>\n<meta property=\"article:modified_time\" content=\"2014-01-03T09:42:16+00:00\" \/>\n<meta property=\"og:image\" content=\"https:\/\/www.farmaindustria.es\/web\/wp-content\/uploads\/sites\/2\/2014\/03\/logo-farmaindustria.png\" \/>\n\t<meta property=\"og:image:width\" content=\"200\" \/>\n\t<meta property=\"og:image:height\" content=\"200\" \/>\n\t<meta property=\"og:image:type\" content=\"image\/png\" \/>\n<meta name=\"author\" content=\"Nuria Ramos\" \/>\n<meta name=\"twitter:card\" content=\"summary_large_image\" \/>\n<meta name=\"twitter:creator\" content=\"@FarmaIndustria\" \/>\n<meta name=\"twitter:site\" content=\"@FarmaIndustria\" \/>\n<meta name=\"twitter:label1\" content=\"Escrito por\" \/>\n\t<meta name=\"twitter:data1\" content=\"Nuria Ramos\" \/>\n\t<meta name=\"twitter:label2\" content=\"Tiempo de lectura\" \/>\n\t<meta name=\"twitter:data2\" content=\"4 minutos\" \/>\n<script type=\"application\/ld+json\" class=\"yoast-schema-graph\">{\"@context\":\"https:\\\/\\\/schema.org\",\"@graph\":[{\"@type\":\"Article\",\"@id\":\"https:\\\/\\\/www.farmaindustria.es\\\/web\\\/prensa\\\/notas-de-prensa\\\/2010\\\/12\\\/16\\\/la-industria-farmaceutica-refuerza-su-codigo-de-buenas-practicas-de-promocion-de-medicamentos-y-de-interrelacion-con-profesionales-sanitarios\\\/#article\",\"isPartOf\":{\"@id\":\"https:\\\/\\\/www.farmaindustria.es\\\/web\\\/prensa\\\/notas-de-prensa\\\/2010\\\/12\\\/16\\\/la-industria-farmaceutica-refuerza-su-codigo-de-buenas-practicas-de-promocion-de-medicamentos-y-de-interrelacion-con-profesionales-sanitarios\\\/\"},\"author\":{\"name\":\"Nuria Ramos\",\"@id\":\"https:\\\/\\\/www.farmaindustria.es\\\/web\\\/#\\\/schema\\\/person\\\/87d79f17502906d3b0f3f373c5f736e7\"},\"headline\":\"La industria farmac\u00e9utica refuerza su C\u00f3digo de Buenas Pr\u00e1cticas de Promoci\u00f3n de Medicamentos y de Interrelaci\u00f3n con Profesionales Sanitarios\",\"datePublished\":\"2010-12-16T09:40:07+00:00\",\"dateModified\":\"2014-01-03T09:42:16+00:00\",\"mainEntityOfPage\":{\"@id\":\"https:\\\/\\\/www.farmaindustria.es\\\/web\\\/prensa\\\/notas-de-prensa\\\/2010\\\/12\\\/16\\\/la-industria-farmaceutica-refuerza-su-codigo-de-buenas-practicas-de-promocion-de-medicamentos-y-de-interrelacion-con-profesionales-sanitarios\\\/\"},\"wordCount\":862,\"commentCount\":0,\"inLanguage\":\"es\",\"potentialAction\":[{\"@type\":\"CommentAction\",\"name\":\"Comment\",\"target\":[\"https:\\\/\\\/www.farmaindustria.es\\\/web\\\/prensa\\\/notas-de-prensa\\\/2010\\\/12\\\/16\\\/la-industria-farmaceutica-refuerza-su-codigo-de-buenas-practicas-de-promocion-de-medicamentos-y-de-interrelacion-con-profesionales-sanitarios\\\/#respond\"]}]},{\"@type\":\"WebPage\",\"@id\":\"https:\\\/\\\/www.farmaindustria.es\\\/web\\\/prensa\\\/notas-de-prensa\\\/2010\\\/12\\\/16\\\/la-industria-farmaceutica-refuerza-su-codigo-de-buenas-practicas-de-promocion-de-medicamentos-y-de-interrelacion-con-profesionales-sanitarios\\\/\",\"url\":\"https:\\\/\\\/www.farmaindustria.es\\\/web\\\/prensa\\\/notas-de-prensa\\\/2010\\\/12\\\/16\\\/la-industria-farmaceutica-refuerza-su-codigo-de-buenas-practicas-de-promocion-de-medicamentos-y-de-interrelacion-con-profesionales-sanitarios\\\/\",\"name\":\"La industria farmac\u00e9utica refuerza su C\u00f3digo de Buenas Pr\u00e1cticas de Promoci\u00f3n de Medicamentos y de Interrelaci\u00f3n con Profesionales Sanitarios - FarmaIndustria\",\"isPartOf\":{\"@id\":\"https:\\\/\\\/www.farmaindustria.es\\\/web\\\/#website\"},\"datePublished\":\"2010-12-16T09:40:07+00:00\",\"dateModified\":\"2014-01-03T09:42:16+00:00\",\"author\":{\"@id\":\"https:\\\/\\\/www.farmaindustria.es\\\/web\\\/#\\\/schema\\\/person\\\/87d79f17502906d3b0f3f373c5f736e7\"},\"breadcrumb\":{\"@id\":\"https:\\\/\\\/www.farmaindustria.es\\\/web\\\/prensa\\\/notas-de-prensa\\\/2010\\\/12\\\/16\\\/la-industria-farmaceutica-refuerza-su-codigo-de-buenas-practicas-de-promocion-de-medicamentos-y-de-interrelacion-con-profesionales-sanitarios\\\/#breadcrumb\"},\"inLanguage\":\"es\",\"potentialAction\":[{\"@type\":\"ReadAction\",\"target\":[\"https:\\\/\\\/www.farmaindustria.es\\\/web\\\/prensa\\\/notas-de-prensa\\\/2010\\\/12\\\/16\\\/la-industria-farmaceutica-refuerza-su-codigo-de-buenas-practicas-de-promocion-de-medicamentos-y-de-interrelacion-con-profesionales-sanitarios\\\/\"]}]},{\"@type\":\"BreadcrumbList\",\"@id\":\"https:\\\/\\\/www.farmaindustria.es\\\/web\\\/prensa\\\/notas-de-prensa\\\/2010\\\/12\\\/16\\\/la-industria-farmaceutica-refuerza-su-codigo-de-buenas-practicas-de-promocion-de-medicamentos-y-de-interrelacion-con-profesionales-sanitarios\\\/#breadcrumb\",\"itemListElement\":[{\"@type\":\"ListItem\",\"position\":1,\"name\":\"Portada\",\"item\":\"https:\\\/\\\/www.farmaindustria.es\\\/web\\\/\"},{\"@type\":\"ListItem\",\"position\":2,\"name\":\"La industria farmac\u00e9utica refuerza su C\u00f3digo de Buenas Pr\u00e1cticas de Promoci\u00f3n de Medicamentos y de Interrelaci\u00f3n con Profesionales Sanitarios\"}]},{\"@type\":\"WebSite\",\"@id\":\"https:\\\/\\\/www.farmaindustria.es\\\/web\\\/#website\",\"url\":\"https:\\\/\\\/www.farmaindustria.es\\\/web\\\/\",\"name\":\"FarmaIndustria\",\"description\":\"\",\"potentialAction\":[{\"@type\":\"SearchAction\",\"target\":{\"@type\":\"EntryPoint\",\"urlTemplate\":\"https:\\\/\\\/www.farmaindustria.es\\\/web\\\/?s={search_term_string}\"},\"query-input\":{\"@type\":\"PropertyValueSpecification\",\"valueRequired\":true,\"valueName\":\"search_term_string\"}}],\"inLanguage\":\"es\"},{\"@type\":\"Person\",\"@id\":\"https:\\\/\\\/www.farmaindustria.es\\\/web\\\/#\\\/schema\\\/person\\\/87d79f17502906d3b0f3f373c5f736e7\",\"name\":\"Nuria Ramos\",\"image\":{\"@type\":\"ImageObject\",\"inLanguage\":\"es\",\"@id\":\"https:\\\/\\\/secure.gravatar.com\\\/avatar\\\/0df33e9aeca5d23b36fa7f4ebe698ade7bbff136286013ec2f13457569bd5d09?s=96&d=mm&r=g\",\"url\":\"https:\\\/\\\/secure.gravatar.com\\\/avatar\\\/0df33e9aeca5d23b36fa7f4ebe698ade7bbff136286013ec2f13457569bd5d09?s=96&d=mm&r=g\",\"contentUrl\":\"https:\\\/\\\/secure.gravatar.com\\\/avatar\\\/0df33e9aeca5d23b36fa7f4ebe698ade7bbff136286013ec2f13457569bd5d09?s=96&d=mm&r=g\",\"caption\":\"Nuria Ramos\"},\"url\":\"https:\\\/\\\/www.farmaindustria.es\\\/web\\\/prensa\\\/notas-de-prensa\\\/author\\\/nuriaramos\\\/\"}]}<\/script>\n<!-- \/ Yoast SEO plugin. -->","yoast_head_json":{"title":"La industria farmac\u00e9utica refuerza su C\u00f3digo de Buenas Pr\u00e1cticas de Promoci\u00f3n de Medicamentos y de Interrelaci\u00f3n con Profesionales Sanitarios - FarmaIndustria","robots":{"index":"index","follow":"follow","max-snippet":"max-snippet:-1","max-image-preview":"max-image-preview:large","max-video-preview":"max-video-preview:-1"},"canonical":"https:\/\/www.farmaindustria.es\/web\/prensa\/notas-de-prensa\/2010\/12\/16\/la-industria-farmaceutica-refuerza-su-codigo-de-buenas-practicas-de-promocion-de-medicamentos-y-de-interrelacion-con-profesionales-sanitarios\/","og_locale":"es_ES","og_type":"article","og_title":"La industria farmac\u00e9utica refuerza su C\u00f3digo de Buenas Pr\u00e1cticas de Promoci\u00f3n de Medicamentos y de Interrelaci\u00f3n con Profesionales Sanitarios - FarmaIndustria","og_description":"La Asamblea General de Farmaindustria aprob\u00f3 el pasado mes de octubre el reforzamiento del C\u00f3digo Espa\u00f1ol de Buenas Pr\u00e1cticas de Promoci\u00f3n de Medicamentos y de Interrelaci\u00f3n de la Industria Farmac\u00e9utica con los Profesionales Sanitarios como evidencia del compromiso de la industria farmac\u00e9utica con la mejora contin\u00faa y reforzamiento de su sistema de autorregulaci\u00f3n, garantizando su &hellip;","og_url":"https:\/\/www.farmaindustria.es\/web\/prensa\/notas-de-prensa\/2010\/12\/16\/la-industria-farmaceutica-refuerza-su-codigo-de-buenas-practicas-de-promocion-de-medicamentos-y-de-interrelacion-con-profesionales-sanitarios\/","og_site_name":"FarmaIndustria","article_publisher":"https:\/\/www.facebook.com\/pages\/Farmaindustria\/730634013647836?ref=hl","article_published_time":"2010-12-16T09:40:07+00:00","article_modified_time":"2014-01-03T09:42:16+00:00","og_image":[{"width":200,"height":200,"url":"https:\/\/www.farmaindustria.es\/web\/wp-content\/uploads\/sites\/2\/2014\/03\/logo-farmaindustria.png","type":"image\/png"}],"author":"Nuria Ramos","twitter_card":"summary_large_image","twitter_creator":"@FarmaIndustria","twitter_site":"@FarmaIndustria","twitter_misc":{"Escrito por":"Nuria Ramos","Tiempo de lectura":"4 minutos"},"schema":{"@context":"https:\/\/schema.org","@graph":[{"@type":"Article","@id":"https:\/\/www.farmaindustria.es\/web\/prensa\/notas-de-prensa\/2010\/12\/16\/la-industria-farmaceutica-refuerza-su-codigo-de-buenas-practicas-de-promocion-de-medicamentos-y-de-interrelacion-con-profesionales-sanitarios\/#article","isPartOf":{"@id":"https:\/\/www.farmaindustria.es\/web\/prensa\/notas-de-prensa\/2010\/12\/16\/la-industria-farmaceutica-refuerza-su-codigo-de-buenas-practicas-de-promocion-de-medicamentos-y-de-interrelacion-con-profesionales-sanitarios\/"},"author":{"name":"Nuria Ramos","@id":"https:\/\/www.farmaindustria.es\/web\/#\/schema\/person\/87d79f17502906d3b0f3f373c5f736e7"},"headline":"La industria farmac\u00e9utica refuerza su C\u00f3digo de Buenas Pr\u00e1cticas de Promoci\u00f3n de Medicamentos y de Interrelaci\u00f3n con Profesionales Sanitarios","datePublished":"2010-12-16T09:40:07+00:00","dateModified":"2014-01-03T09:42:16+00:00","mainEntityOfPage":{"@id":"https:\/\/www.farmaindustria.es\/web\/prensa\/notas-de-prensa\/2010\/12\/16\/la-industria-farmaceutica-refuerza-su-codigo-de-buenas-practicas-de-promocion-de-medicamentos-y-de-interrelacion-con-profesionales-sanitarios\/"},"wordCount":862,"commentCount":0,"inLanguage":"es","potentialAction":[{"@type":"CommentAction","name":"Comment","target":["https:\/\/www.farmaindustria.es\/web\/prensa\/notas-de-prensa\/2010\/12\/16\/la-industria-farmaceutica-refuerza-su-codigo-de-buenas-practicas-de-promocion-de-medicamentos-y-de-interrelacion-con-profesionales-sanitarios\/#respond"]}]},{"@type":"WebPage","@id":"https:\/\/www.farmaindustria.es\/web\/prensa\/notas-de-prensa\/2010\/12\/16\/la-industria-farmaceutica-refuerza-su-codigo-de-buenas-practicas-de-promocion-de-medicamentos-y-de-interrelacion-con-profesionales-sanitarios\/","url":"https:\/\/www.farmaindustria.es\/web\/prensa\/notas-de-prensa\/2010\/12\/16\/la-industria-farmaceutica-refuerza-su-codigo-de-buenas-practicas-de-promocion-de-medicamentos-y-de-interrelacion-con-profesionales-sanitarios\/","name":"La industria farmac\u00e9utica refuerza su C\u00f3digo de Buenas Pr\u00e1cticas de Promoci\u00f3n de Medicamentos y de Interrelaci\u00f3n con Profesionales Sanitarios - FarmaIndustria","isPartOf":{"@id":"https:\/\/www.farmaindustria.es\/web\/#website"},"datePublished":"2010-12-16T09:40:07+00:00","dateModified":"2014-01-03T09:42:16+00:00","author":{"@id":"https:\/\/www.farmaindustria.es\/web\/#\/schema\/person\/87d79f17502906d3b0f3f373c5f736e7"},"breadcrumb":{"@id":"https:\/\/www.farmaindustria.es\/web\/prensa\/notas-de-prensa\/2010\/12\/16\/la-industria-farmaceutica-refuerza-su-codigo-de-buenas-practicas-de-promocion-de-medicamentos-y-de-interrelacion-con-profesionales-sanitarios\/#breadcrumb"},"inLanguage":"es","potentialAction":[{"@type":"ReadAction","target":["https:\/\/www.farmaindustria.es\/web\/prensa\/notas-de-prensa\/2010\/12\/16\/la-industria-farmaceutica-refuerza-su-codigo-de-buenas-practicas-de-promocion-de-medicamentos-y-de-interrelacion-con-profesionales-sanitarios\/"]}]},{"@type":"BreadcrumbList","@id":"https:\/\/www.farmaindustria.es\/web\/prensa\/notas-de-prensa\/2010\/12\/16\/la-industria-farmaceutica-refuerza-su-codigo-de-buenas-practicas-de-promocion-de-medicamentos-y-de-interrelacion-con-profesionales-sanitarios\/#breadcrumb","itemListElement":[{"@type":"ListItem","position":1,"name":"Portada","item":"https:\/\/www.farmaindustria.es\/web\/"},{"@type":"ListItem","position":2,"name":"La industria farmac\u00e9utica refuerza su C\u00f3digo de Buenas Pr\u00e1cticas de Promoci\u00f3n de Medicamentos y de Interrelaci\u00f3n con Profesionales Sanitarios"}]},{"@type":"WebSite","@id":"https:\/\/www.farmaindustria.es\/web\/#website","url":"https:\/\/www.farmaindustria.es\/web\/","name":"FarmaIndustria","description":"","potentialAction":[{"@type":"SearchAction","target":{"@type":"EntryPoint","urlTemplate":"https:\/\/www.farmaindustria.es\/web\/?s={search_term_string}"},"query-input":{"@type":"PropertyValueSpecification","valueRequired":true,"valueName":"search_term_string"}}],"inLanguage":"es"},{"@type":"Person","@id":"https:\/\/www.farmaindustria.es\/web\/#\/schema\/person\/87d79f17502906d3b0f3f373c5f736e7","name":"Nuria Ramos","image":{"@type":"ImageObject","inLanguage":"es","@id":"https:\/\/secure.gravatar.com\/avatar\/0df33e9aeca5d23b36fa7f4ebe698ade7bbff136286013ec2f13457569bd5d09?s=96&d=mm&r=g","url":"https:\/\/secure.gravatar.com\/avatar\/0df33e9aeca5d23b36fa7f4ebe698ade7bbff136286013ec2f13457569bd5d09?s=96&d=mm&r=g","contentUrl":"https:\/\/secure.gravatar.com\/avatar\/0df33e9aeca5d23b36fa7f4ebe698ade7bbff136286013ec2f13457569bd5d09?s=96&d=mm&r=g","caption":"Nuria Ramos"},"url":"https:\/\/www.farmaindustria.es\/web\/prensa\/notas-de-prensa\/author\/nuriaramos\/"}]}},"_links":{"self":[{"href":"https:\/\/www.farmaindustria.es\/web\/wp-json\/wp\/v2\/posts\/1893","targetHints":{"allow":["GET"]}}],"collection":[{"href":"https:\/\/www.farmaindustria.es\/web\/wp-json\/wp\/v2\/posts"}],"about":[{"href":"https:\/\/www.farmaindustria.es\/web\/wp-json\/wp\/v2\/types\/post"}],"author":[{"embeddable":true,"href":"https:\/\/www.farmaindustria.es\/web\/wp-json\/wp\/v2\/users\/9"}],"replies":[{"embeddable":true,"href":"https:\/\/www.farmaindustria.es\/web\/wp-json\/wp\/v2\/comments?post=1893"}],"version-history":[{"count":2,"href":"https:\/\/www.farmaindustria.es\/web\/wp-json\/wp\/v2\/posts\/1893\/revisions"}],"predecessor-version":[{"id":1898,"href":"https:\/\/www.farmaindustria.es\/web\/wp-json\/wp\/v2\/posts\/1893\/revisions\/1898"}],"wp:attachment":[{"href":"https:\/\/www.farmaindustria.es\/web\/wp-json\/wp\/v2\/media?parent=1893"}],"curies":[{"name":"wp","href":"https:\/\/api.w.org\/{rel}","templated":true}]}}