{"id":21809,"date":"2025-02-05T13:49:09","date_gmt":"2025-02-05T12:49:09","guid":{"rendered":"https:\/\/www.farmaindustria.es\/web\/?p=21809"},"modified":"2025-02-17T12:07:42","modified_gmt":"2025-02-17T11:07:42","slug":"la-industria-farmaceutica-genera-mas-de-27-000-millones-de-euros-de-valor-anadido-en-espana-casi-el-2-del-pib-del-pais","status":"publish","type":"post","link":"https:\/\/www.farmaindustria.es\/web\/prensa\/notas-de-prensa\/2025\/02\/05\/la-industria-farmaceutica-genera-mas-de-27-000-millones-de-euros-de-valor-anadido-en-espana-casi-el-2-del-pib-del-pais\/","title":{"rendered":"La industria farmac\u00e9utica genera m\u00e1s de 27.000 millones de euros de valor a\u00f1adido en Espa\u00f1a, casi el 2% del PIB del pa\u00eds"},"content":{"rendered":"<div id=\"attachment_21823\" style=\"width: 845px\" class=\"wp-caption aligncenter\"><a href=\"https:\/\/www.farmaindustria.es\/web\/wp-content\/uploads\/sites\/2\/2025\/02\/Foto-presentacion-informe-Afi-web-1.jpg\"><img loading=\"lazy\" decoding=\"async\" aria-describedby=\"caption-attachment-21823\" class=\"wp-image-21823 size-full\" src=\"https:\/\/www.farmaindustria.es\/web\/wp-content\/uploads\/sites\/2\/2025\/02\/Foto-presentacion-informe-Afi-web-1.jpg\" alt=\"Fina Llad\u00f3s (presidenta de Farmaindustria), Juan Yermo (director general de Farmaindustria) y Diego Vizca\u00edno, socio director de Econom\u00eda Aplicada de Afi, durante la presentaci\u00f3n del informe.\" width=\"835\" height=\"480\" srcset=\"https:\/\/www.farmaindustria.es\/web\/wp-content\/uploads\/sites\/2\/2025\/02\/Foto-presentacion-informe-Afi-web-1.jpg 835w, https:\/\/www.farmaindustria.es\/web\/wp-content\/uploads\/sites\/2\/2025\/02\/Foto-presentacion-informe-Afi-web-1-300x172.jpg 300w, https:\/\/www.farmaindustria.es\/web\/wp-content\/uploads\/sites\/2\/2025\/02\/Foto-presentacion-informe-Afi-web-1-768x441.jpg 768w, https:\/\/www.farmaindustria.es\/web\/wp-content\/uploads\/sites\/2\/2025\/02\/Foto-presentacion-informe-Afi-web-1-313x180.jpg 313w, https:\/\/www.farmaindustria.es\/web\/wp-content\/uploads\/sites\/2\/2025\/02\/Foto-presentacion-informe-Afi-web-1-190x109.jpg 190w, https:\/\/www.farmaindustria.es\/web\/wp-content\/uploads\/sites\/2\/2025\/02\/Foto-presentacion-informe-Afi-web-1-306x175.jpg 306w, https:\/\/www.farmaindustria.es\/web\/wp-content\/uploads\/sites\/2\/2025\/02\/Foto-presentacion-informe-Afi-web-1-50x29.jpg 50w\" sizes=\"auto, (max-width: 835px) 100vw, 835px\" \/><\/a><p id=\"caption-attachment-21823\" class=\"wp-caption-text\">Fina Llad\u00f3s (presidenta de Farmaindustria), Juan Yermo (director general de Farmaindustria) y Diego Vizca\u00edno (socio director de Econom\u00eda Aplicada de Afi), enla presentaci\u00f3n del informe.<\/p><\/div>\n<p>La industria farmac\u00e9utica contribuye a tres de los principales retos que afronta Espa\u00f1a: mejorar la salud de la poblaci\u00f3n, garantizar la sostenibilidad de las cuentas p\u00fablicas y reforzar la competitividad y el crecimiento de la econom\u00eda. As\u00ed lo pone de manifiesto el informe <strong><a href=\"https:\/\/www.afi.es\/publicaciones-e-informes\/contribucion-socioeconomica-medicamentos-industria-farmaeutica-espana\" target=\"_blank\" rel=\"noopener\"><em>Contribuci\u00f3n socioecon\u00f3mica de los medicamentos y de la industria farmac\u00e9utica en Espa\u00f1a<\/em><\/a><\/strong>, realizado por la <strong>consultora Afi (Analistas Financieros Internacionales)<\/strong> y que ha evaluado por primera vez el impacto de las compa\u00f1\u00edas farmac\u00e9uticas en nuestro pa\u00eds desde un doble enfoque: el <strong>valor socioecon\u00f3mico<\/strong> que aportan los medicamentos y aquel propiciado por la<strong> investigaci\u00f3n y la fabricaci\u00f3n<\/strong> en Espa\u00f1a de estos productos.<\/p>\n<p>La principal conclusi\u00f3n del informe, que se ha presentado este mi\u00e9rcoles en Madrid, \u201ces la consideraci\u00f3n de los medicamentos<strong> no como una partida de gasto p\u00fablico, sino como una estrategia de inversi\u00f3n<\/strong>, que a corto plazo tiene como objetivo reforzar la salud de la poblaci\u00f3n, pero que a medio y largo plazo contribuyen a la sostenibilidad del estado del bienestar\u201d, como ha apuntado <strong>Diego Vizca\u00edno<\/strong>, socio director del \u00c1rea de Econom\u00eda Aplicada de Afi. De hecho, el estudio de Afi llega a la conclusi\u00f3n de que los cerca de 22.000 millones de euros de inversi\u00f3n p\u00fablica en medicamentos en 2022 (tanto en farmacia comunitaria como en hospitales) propiciaron un ahorro de cerca de 14.200 millones de euros en otras partidas presupuestarias.<\/p>\n<p>En el apartado sobre la contribuci\u00f3n de la industria farmac\u00e9utica a la econom\u00eda espa\u00f1ola, el informe estima que el sector farmac\u00e9utico contribuy\u00f3 a generar <strong>m\u00e1s de 27.200 millones de euros de valor a\u00f1adido en 2023, tanto de forma directa como indirecta e inducida, el equivalente al 1,9% del PIB nacional<\/strong>. Estos nuevos datos ponen de manifiesto el notable efecto multiplicador del sector sobre otras actividades econ\u00f3micas. As\u00ed, el informe destaca que cada euro de valor a\u00f1adido generado en la industria farmac\u00e9utica propicia la generaci\u00f3n de 1,5 euros adicionales por parte de otras empresas y, por otro lado, que cada euro adicional de inversi\u00f3n p\u00fablica en medicamentos contribuye a la generaci\u00f3n adicional de casi 4 euros (3,9) de valor a\u00f1adido en la econom\u00eda del pa\u00eds.<\/p>\n<p>La presidenta de Farmaindustria y directora general de Amgen en Espa\u00f1a, <strong>Fina Llad\u00f3s Canela<\/strong>, ha destacado c\u00f3mo estos datos ponen de manifiesto que la industria farmac\u00e9utica \u201ces esencial para la salud de la poblaci\u00f3n, pero tambi\u00e9n un pilar estrat\u00e9gico para la econom\u00eda de nuestro pa\u00eds\u201d. \u201cEsto es algo que no solo decimos nosotros, sino que <strong>lo reconoce tambi\u00e9n la <a href=\"https:\/\/www.farmaindustria.es\/web\/prensa\/notas-de-prensa\/2024\/12\/10\/la-estrategia-de-la-industria-farmaceutica-aprobada-por-el-gobierno-situa-al-sector-como-un-pilar-estrategico-para-el-pais\/\">Estrategia de la Industria Farmac\u00e9utica<\/a><\/strong>, aprobada recientemente por el Gobierno y en cuyo desarrollo estamos colaborando desde Farmaindustria\u201d, ha a\u00f1adido.<\/p>\n<p>El informe de Afi destaca que esta generaci\u00f3n de valor del sector est\u00e1 respaldada por el trabajo de miles de personas empleadas en las empresas de fabricaci\u00f3n de medicamentos en Espa\u00f1a. As\u00ed, en 2023, el sector dio empleo a <strong>m\u00e1s de 60.600 personas<\/strong> (afiliados a la Seguridad Social). Pero adem\u00e1s de su impacto directo, la industria farmac\u00e9utica contribuy\u00f3 al mantenimiento de 107.300 empleos de manera indirecta y 79.600 de manera inducida. De este modo, se estima que la industria farmac\u00e9utica contribuy\u00f3 a la generaci\u00f3n y al <strong>mantenimiento de m\u00e1s de 242.000 empleos en Espa\u00f1a<\/strong>, el equivalente al 1,2% del total de ocupados en el mercado laboral. De nuevo, los datos apuntan a la existencia de un importante efecto multiplicador en el empleo: cada puesto de trabajo en una empresa farmac\u00e9utica propicia la creaci\u00f3n de 3,4 empleos en el resto de los sectores de la econom\u00eda.<\/p>\n<p>El informe se\u00f1ala que, en conjunto, <strong>Espa\u00f1a es el cuarto pa\u00eds de la UE con m\u00e1s empleo de la industria farmac\u00e9utica,<\/strong> pero un an\u00e1lisis m\u00e1s profundo a nivel regional desvela una mayor relevancia de nuestro pa\u00eds dentro del ecosistema industrial europeo. Los datos se\u00f1alan que Catalu\u00f1a es la segunda regi\u00f3n europea con m\u00e1s trabajadores en la industria farmac\u00e9utica, con cifras similares a las de la italiana Lombard\u00eda (regi\u00f3n l\u00edder). Adem\u00e1s, la Comunidad de Madrid es la octava regi\u00f3n europea con m\u00e1s empleo en el sector farmac\u00e9utico, por lo que Espa\u00f1a consigue colocar a <strong>dos regiones en el top diez<\/strong>, algo que solo sucede enal igual que Alemania (Darmstadt, Tubingen) y Francia (Rh\u00f4ne-Alpes, \u00cele de France).<\/p>\n<p><a href=\"https:\/\/www.farmaindustria.es\/web\/wp-content\/uploads\/sites\/2\/2025\/02\/foto-valor-anadido.jpg\"><img loading=\"lazy\" decoding=\"async\" class=\"aligncenter wp-image-21812 size-full\" src=\"https:\/\/www.farmaindustria.es\/web\/wp-content\/uploads\/sites\/2\/2025\/02\/foto-valor-anadido.jpg\" alt=\"\" width=\"700\" height=\"427\" srcset=\"https:\/\/www.farmaindustria.es\/web\/wp-content\/uploads\/sites\/2\/2025\/02\/foto-valor-anadido.jpg 700w, https:\/\/www.farmaindustria.es\/web\/wp-content\/uploads\/sites\/2\/2025\/02\/foto-valor-anadido-300x183.jpg 300w, https:\/\/www.farmaindustria.es\/web\/wp-content\/uploads\/sites\/2\/2025\/02\/foto-valor-anadido-295x180.jpg 295w, https:\/\/www.farmaindustria.es\/web\/wp-content\/uploads\/sites\/2\/2025\/02\/foto-valor-anadido-190x116.jpg 190w, https:\/\/www.farmaindustria.es\/web\/wp-content\/uploads\/sites\/2\/2025\/02\/foto-valor-anadido-50x31.jpg 50w\" sizes=\"auto, (max-width: 700px) 100vw, 700px\" \/><\/a><\/p>\n<p>M\u00e1s all\u00e1 de su impacto cuantitativo sobre el mantenimiento de miles de puestos trabajo y sobre la generaci\u00f3n de miles de millones de euros de valor a\u00f1adido, las compa\u00f1\u00edas farmac\u00e9uticas que operan en Espa\u00f1a tambi\u00e9n contribuyen a la competitividad de la industria espa\u00f1ola. Seg\u00fan el informe, los \u00faltimos datos de Contabilidad Nacional apuntan a que el sector farmac\u00e9utico es <strong>la segunda actividad m\u00e1s productiva<\/strong> de todo el sector manufacturero, solo por detr\u00e1s de la industria petrolera. En concreto, cada trabajador industrial farmac\u00e9utico genera un valor a\u00f1adido de 94 euros por hora trabajada (equivalente a 175.000 euros al a\u00f1o), m\u00e1s del doble que el trabajador industrial promedio.<\/p>\n<p>En este contexto, los datos reflejan la gran relevancia de la industria farmac\u00e9utica dentro de las capacidades de producci\u00f3n espa\u00f1olas de bienes de alta tecnolog\u00eda. El an\u00e1lisis de Afi destaca que hasta seis de cada diez euros de valor a\u00f1adido generado en Espa\u00f1a de<strong> bienes de alta tecnolog\u00eda<\/strong> fueron medicamentos, tres veces m\u00e1s que los bienes electr\u00f3nicos o aeroespaciales. Estas cifras colocan a Espa\u00f1a como uno de los pa\u00edses m\u00e1s dependientes del sector farmac\u00e9utico en su oferta industrial de alta tecnolog\u00eda: 60% de cuota frente al 44% en promedio europeo.<\/p>\n<p><strong>Un elevado efecto compensaci\u00f3n de los medicamentos<\/strong><\/p>\n<p>En el apartado sobre el valor socioecon\u00f3mico que aportan los medicamentos a trav\u00e9s de sus beneficios sanitarios, el informe destaca el llamado <strong><em>efecto compensaci\u00f3n<\/em> de los medicamentos<\/strong>. Es decir, c\u00f3mo la inversi\u00f3n en medicamentos tiene el potencial de reducir de manera indirecta el gasto en otras partidas presupuestarias, gracias a la prevenci\u00f3n, el tratamiento y la cura de un gran n\u00famero de enfermedades, mejorando el estado de salud de la poblaci\u00f3n y reduciendo la presi\u00f3n asistencial. As\u00ed, por ejemplo, las estimaciones de Afi apuntan a que un aumento de un euro en la inversi\u00f3n p\u00fablica per c\u00e1pita en medicamentos incrementar\u00eda la esperanza de vida con buena salud a los 65 a\u00f1os en 5,3 d\u00edas.<\/p>\n<p>El estudio tambi\u00e9n pone el foco en el <strong>ahorro en bajas por enfermedad<\/strong> gracias los medicamentos, un aspecto muy relevante en nuestro pa\u00eds \u2014apunta el estudio\u2014 donde el n\u00famero de bajas por enfermedad se ha duplicado entre 2014 y 2022, con un gasto anual que ya supera los 8.300 millones de euros solo para la administraci\u00f3n p\u00fablica. El estudio se\u00f1ala que un incremento de un euro en el gasto p\u00fablico per c\u00e1pita en medicamentos est\u00e1 asociado a una reducci\u00f3n de 18.000 bajas por enfermedad cada a\u00f1o en Espa\u00f1a.<\/p>\n<p>Adem\u00e1s, el estudio incide en c\u00f3mo los medicamentos permiten a las personas trabajar durante m\u00e1s tiempo (bien alargando su vida laboral o bien enfermando menos). Los analistas de Afi han estimado que cada euro de inversi\u00f3n p\u00fablica en medicamentos en farmacia comunitaria contribuye a aumentar en 10,75 minutos el tiempo de trabajo efectivo al a\u00f1o.<\/p>\n<p>\u201cTodos estos datos que por primera vez se han medido en nuestro pa\u00eds, muestran a las claras c\u00f3mo el medicamento es una inversi\u00f3n con un enorme retorno social y econ\u00f3mico\u201d, ha apuntado el director general de Farmaindustria, <strong>Juan Yermo<\/strong>. \u201cEn un<strong> momento decisivo para el sector<\/strong>, con el despliegue de la Estrategia Farmac\u00e9utica Europea y la reciente publicaci\u00f3n del <a href=\"https:\/\/www.farmaindustria.es\/web\/otra-noticia\/el-informe-draghi-reconoce-a-la-industria-farmaceutica-como-un-pilar-estrategico-en-europa-que-habria-que-reforzar\/\"><em>Informe Draghi<\/em><\/a>, nuestra intenci\u00f3n es seguir trabajando con el Gobierno en el desarrollo de esta Estrategia de la Industria Farmac\u00e9utica con el prop\u00f3sito com\u00fan de que se traduzca en una mejora real de la salud y el bienestar de las personas, y de la econom\u00eda de nuestro pa\u00eds\u201d, ha a\u00f1adido.<\/p>\n<ul>\n<li><strong>Accede al informe completo: <a href=\"https:\/\/www.afi.es\/publicaciones-e-informes\/contribucion-socioeconomica-medicamentos-industria-farmaeutica-espana\" target=\"_blank\" rel=\"noopener\"><em>Contribuci\u00f3n socioecon\u00f3mica de los medicamentos y de la industria farmac\u00e9utica en Espa\u00f1a<\/em><\/a><\/strong><\/li>\n<li><strong><a href=\"https:\/\/www.farmaindustria.es\/web\/wp-content\/uploads\/sites\/2\/2025\/02\/Resumen-Afi_Farmaindustria_Resumen-ejecutivo-global_17012025.pdf\" target=\"_blank\" rel=\"noopener\">Consulta el resumen ejecutivo del informe<\/a><\/strong><\/li>\n<li><a href=\"https:\/\/www.farmaindustria.es\/web\/wp-content\/uploads\/sites\/2\/2025\/02\/El-valor-estrategico-de-la-industria-farmaceutica_2025.pdf\" target=\"_blank\" rel=\"noopener\"><strong>\u00bfQuieres conocer m\u00e1s sobre el valor estrat\u00e9gico de la industria farmac\u00e9utica?<\/strong><\/a> (<a href=\"https:\/\/www.farmaindustria.es\/web\/wp-content\/uploads\/sites\/2\/2025\/02\/PRINT-Informe-valor-estrategico.pdf\">versi\u00f3n imprimible<\/a>)<\/li>\n<\/ul>\n","protected":false},"excerpt":{"rendered":"<p>La industria farmac\u00e9utica contribuye a tres de los principales retos que afronta Espa\u00f1a: mejorar la salud de la poblaci\u00f3n, garantizar la sostenibilidad de las cuentas p\u00fablicas y reforzar la competitividad y el crecimiento de la econom\u00eda. As\u00ed lo pone de manifiesto el informe Contribuci\u00f3n socioecon\u00f3mica de los medicamentos y de la industria farmac\u00e9utica en Espa\u00f1a,  <a href=\"https:\/\/www.farmaindustria.es\/web\/prensa\/notas-de-prensa\/2025\/02\/05\/la-industria-farmaceutica-genera-mas-de-27-000-millones-de-euros-de-valor-anadido-en-espana-casi-el-2-del-pib-del-pais\/\" class=\"read-more\">&hellip;<\/a><\/p>\n","protected":false},"author":19,"featured_media":21823,"comment_status":"open","ping_status":"open","sticky":false,"template":"","format":"standard","meta":{"_acf_changed":false,"footnotes":""},"class_list":["post-21809","post","type-post","status-publish","format-standard","has-post-thumbnail","hentry","tema-industria-farmaceutica","area-economica","geografica-espana"],"acf":[],"yoast_head":"<!-- This site is optimized with the Yoast SEO plugin v27.4 - https:\/\/yoast.com\/product\/yoast-seo-wordpress\/ -->\n<title>La industria farmac\u00e9utica genera m\u00e1s de 27.000 millones de euros de valor a\u00f1adido en Espa\u00f1a, casi el 2% del PIB del pa\u00eds - FarmaIndustria<\/title>\n<meta name=\"robots\" content=\"index, follow, max-snippet:-1, max-image-preview:large, max-video-preview:-1\" \/>\n<link rel=\"canonical\" href=\"https:\/\/www.farmaindustria.es\/web\/prensa\/notas-de-prensa\/2025\/02\/05\/la-industria-farmaceutica-genera-mas-de-27-000-millones-de-euros-de-valor-anadido-en-espana-casi-el-2-del-pib-del-pais\/\" \/>\n<meta property=\"og:locale\" content=\"es_ES\" \/>\n<meta property=\"og:type\" content=\"article\" \/>\n<meta property=\"og:title\" content=\"La industria farmac\u00e9utica genera m\u00e1s de 27.000 millones de euros de valor a\u00f1adido en Espa\u00f1a, casi el 2% del PIB del pa\u00eds - FarmaIndustria\" \/>\n<meta property=\"og:description\" content=\"La industria farmac\u00e9utica contribuye a tres de los principales retos que afronta Espa\u00f1a: mejorar la salud de la poblaci\u00f3n, garantizar la sostenibilidad de las cuentas p\u00fablicas y reforzar la competitividad y el crecimiento de la econom\u00eda. As\u00ed lo pone de manifiesto el informe Contribuci\u00f3n socioecon\u00f3mica de los medicamentos y de la industria farmac\u00e9utica en Espa\u00f1a, &hellip;\" \/>\n<meta property=\"og:url\" content=\"https:\/\/www.farmaindustria.es\/web\/prensa\/notas-de-prensa\/2025\/02\/05\/la-industria-farmaceutica-genera-mas-de-27-000-millones-de-euros-de-valor-anadido-en-espana-casi-el-2-del-pib-del-pais\/\" \/>\n<meta property=\"og:site_name\" content=\"FarmaIndustria\" \/>\n<meta property=\"article:publisher\" content=\"https:\/\/www.facebook.com\/pages\/Farmaindustria\/730634013647836?ref=hl\" \/>\n<meta property=\"article:published_time\" content=\"2025-02-05T12:49:09+00:00\" \/>\n<meta property=\"article:modified_time\" content=\"2025-02-17T11:07:42+00:00\" \/>\n<meta property=\"og:image\" content=\"https:\/\/www.farmaindustria.es\/web\/wp-content\/uploads\/sites\/2\/2025\/02\/Foto-presentacion-informe-Afi-web-1.jpg\" \/>\n\t<meta property=\"og:image:width\" content=\"835\" \/>\n\t<meta property=\"og:image:height\" content=\"480\" \/>\n\t<meta property=\"og:image:type\" content=\"image\/jpeg\" \/>\n<meta name=\"author\" content=\"Alberto Vigario\" \/>\n<meta name=\"twitter:card\" content=\"summary_large_image\" \/>\n<meta name=\"twitter:creator\" content=\"@FarmaIndustria\" \/>\n<meta name=\"twitter:site\" content=\"@FarmaIndustria\" \/>\n<meta name=\"twitter:label1\" content=\"Escrito por\" \/>\n\t<meta name=\"twitter:data1\" content=\"Alberto Vigario\" \/>\n\t<meta name=\"twitter:label2\" content=\"Tiempo de lectura\" \/>\n\t<meta name=\"twitter:data2\" content=\"7 minutos\" \/>\n<script type=\"application\/ld+json\" class=\"yoast-schema-graph\">{\"@context\":\"https:\\\/\\\/schema.org\",\"@graph\":[{\"@type\":\"Article\",\"@id\":\"https:\\\/\\\/www.farmaindustria.es\\\/web\\\/prensa\\\/notas-de-prensa\\\/2025\\\/02\\\/05\\\/la-industria-farmaceutica-genera-mas-de-27-000-millones-de-euros-de-valor-anadido-en-espana-casi-el-2-del-pib-del-pais\\\/#article\",\"isPartOf\":{\"@id\":\"https:\\\/\\\/www.farmaindustria.es\\\/web\\\/prensa\\\/notas-de-prensa\\\/2025\\\/02\\\/05\\\/la-industria-farmaceutica-genera-mas-de-27-000-millones-de-euros-de-valor-anadido-en-espana-casi-el-2-del-pib-del-pais\\\/\"},\"author\":{\"name\":\"Alberto Vigario\",\"@id\":\"https:\\\/\\\/www.farmaindustria.es\\\/web\\\/#\\\/schema\\\/person\\\/49a73916178a0abe46c092fc3771e3cf\"},\"headline\":\"La industria farmac\u00e9utica genera m\u00e1s de 27.000 millones de euros de valor a\u00f1adido en Espa\u00f1a, casi el 2% del PIB del pa\u00eds\",\"datePublished\":\"2025-02-05T12:49:09+00:00\",\"dateModified\":\"2025-02-17T11:07:42+00:00\",\"mainEntityOfPage\":{\"@id\":\"https:\\\/\\\/www.farmaindustria.es\\\/web\\\/prensa\\\/notas-de-prensa\\\/2025\\\/02\\\/05\\\/la-industria-farmaceutica-genera-mas-de-27-000-millones-de-euros-de-valor-anadido-en-espana-casi-el-2-del-pib-del-pais\\\/\"},\"wordCount\":1502,\"commentCount\":0,\"image\":{\"@id\":\"https:\\\/\\\/www.farmaindustria.es\\\/web\\\/prensa\\\/notas-de-prensa\\\/2025\\\/02\\\/05\\\/la-industria-farmaceutica-genera-mas-de-27-000-millones-de-euros-de-valor-anadido-en-espana-casi-el-2-del-pib-del-pais\\\/#primaryimage\"},\"thumbnailUrl\":\"https:\\\/\\\/www.farmaindustria.es\\\/web\\\/wp-content\\\/uploads\\\/sites\\\/2\\\/2025\\\/02\\\/Foto-presentacion-informe-Afi-web-1.jpg\",\"inLanguage\":\"es\",\"potentialAction\":[{\"@type\":\"CommentAction\",\"name\":\"Comment\",\"target\":[\"https:\\\/\\\/www.farmaindustria.es\\\/web\\\/prensa\\\/notas-de-prensa\\\/2025\\\/02\\\/05\\\/la-industria-farmaceutica-genera-mas-de-27-000-millones-de-euros-de-valor-anadido-en-espana-casi-el-2-del-pib-del-pais\\\/#respond\"]}]},{\"@type\":\"WebPage\",\"@id\":\"https:\\\/\\\/www.farmaindustria.es\\\/web\\\/prensa\\\/notas-de-prensa\\\/2025\\\/02\\\/05\\\/la-industria-farmaceutica-genera-mas-de-27-000-millones-de-euros-de-valor-anadido-en-espana-casi-el-2-del-pib-del-pais\\\/\",\"url\":\"https:\\\/\\\/www.farmaindustria.es\\\/web\\\/prensa\\\/notas-de-prensa\\\/2025\\\/02\\\/05\\\/la-industria-farmaceutica-genera-mas-de-27-000-millones-de-euros-de-valor-anadido-en-espana-casi-el-2-del-pib-del-pais\\\/\",\"name\":\"La industria farmac\u00e9utica genera m\u00e1s de 27.000 millones de euros de valor a\u00f1adido en Espa\u00f1a, casi el 2% del PIB del pa\u00eds - FarmaIndustria\",\"isPartOf\":{\"@id\":\"https:\\\/\\\/www.farmaindustria.es\\\/web\\\/#website\"},\"primaryImageOfPage\":{\"@id\":\"https:\\\/\\\/www.farmaindustria.es\\\/web\\\/prensa\\\/notas-de-prensa\\\/2025\\\/02\\\/05\\\/la-industria-farmaceutica-genera-mas-de-27-000-millones-de-euros-de-valor-anadido-en-espana-casi-el-2-del-pib-del-pais\\\/#primaryimage\"},\"image\":{\"@id\":\"https:\\\/\\\/www.farmaindustria.es\\\/web\\\/prensa\\\/notas-de-prensa\\\/2025\\\/02\\\/05\\\/la-industria-farmaceutica-genera-mas-de-27-000-millones-de-euros-de-valor-anadido-en-espana-casi-el-2-del-pib-del-pais\\\/#primaryimage\"},\"thumbnailUrl\":\"https:\\\/\\\/www.farmaindustria.es\\\/web\\\/wp-content\\\/uploads\\\/sites\\\/2\\\/2025\\\/02\\\/Foto-presentacion-informe-Afi-web-1.jpg\",\"datePublished\":\"2025-02-05T12:49:09+00:00\",\"dateModified\":\"2025-02-17T11:07:42+00:00\",\"author\":{\"@id\":\"https:\\\/\\\/www.farmaindustria.es\\\/web\\\/#\\\/schema\\\/person\\\/49a73916178a0abe46c092fc3771e3cf\"},\"breadcrumb\":{\"@id\":\"https:\\\/\\\/www.farmaindustria.es\\\/web\\\/prensa\\\/notas-de-prensa\\\/2025\\\/02\\\/05\\\/la-industria-farmaceutica-genera-mas-de-27-000-millones-de-euros-de-valor-anadido-en-espana-casi-el-2-del-pib-del-pais\\\/#breadcrumb\"},\"inLanguage\":\"es\",\"potentialAction\":[{\"@type\":\"ReadAction\",\"target\":[\"https:\\\/\\\/www.farmaindustria.es\\\/web\\\/prensa\\\/notas-de-prensa\\\/2025\\\/02\\\/05\\\/la-industria-farmaceutica-genera-mas-de-27-000-millones-de-euros-de-valor-anadido-en-espana-casi-el-2-del-pib-del-pais\\\/\"]}]},{\"@type\":\"ImageObject\",\"inLanguage\":\"es\",\"@id\":\"https:\\\/\\\/www.farmaindustria.es\\\/web\\\/prensa\\\/notas-de-prensa\\\/2025\\\/02\\\/05\\\/la-industria-farmaceutica-genera-mas-de-27-000-millones-de-euros-de-valor-anadido-en-espana-casi-el-2-del-pib-del-pais\\\/#primaryimage\",\"url\":\"https:\\\/\\\/www.farmaindustria.es\\\/web\\\/wp-content\\\/uploads\\\/sites\\\/2\\\/2025\\\/02\\\/Foto-presentacion-informe-Afi-web-1.jpg\",\"contentUrl\":\"https:\\\/\\\/www.farmaindustria.es\\\/web\\\/wp-content\\\/uploads\\\/sites\\\/2\\\/2025\\\/02\\\/Foto-presentacion-informe-Afi-web-1.jpg\",\"width\":835,\"height\":480},{\"@type\":\"BreadcrumbList\",\"@id\":\"https:\\\/\\\/www.farmaindustria.es\\\/web\\\/prensa\\\/notas-de-prensa\\\/2025\\\/02\\\/05\\\/la-industria-farmaceutica-genera-mas-de-27-000-millones-de-euros-de-valor-anadido-en-espana-casi-el-2-del-pib-del-pais\\\/#breadcrumb\",\"itemListElement\":[{\"@type\":\"ListItem\",\"position\":1,\"name\":\"Portada\",\"item\":\"https:\\\/\\\/www.farmaindustria.es\\\/web\\\/\"},{\"@type\":\"ListItem\",\"position\":2,\"name\":\"La industria farmac\u00e9utica genera m\u00e1s de 27.000 millones de euros de valor a\u00f1adido en Espa\u00f1a, casi el 2% del PIB del pa\u00eds\"}]},{\"@type\":\"WebSite\",\"@id\":\"https:\\\/\\\/www.farmaindustria.es\\\/web\\\/#website\",\"url\":\"https:\\\/\\\/www.farmaindustria.es\\\/web\\\/\",\"name\":\"FarmaIndustria\",\"description\":\"\",\"potentialAction\":[{\"@type\":\"SearchAction\",\"target\":{\"@type\":\"EntryPoint\",\"urlTemplate\":\"https:\\\/\\\/www.farmaindustria.es\\\/web\\\/?s={search_term_string}\"},\"query-input\":{\"@type\":\"PropertyValueSpecification\",\"valueRequired\":true,\"valueName\":\"search_term_string\"}}],\"inLanguage\":\"es\"},{\"@type\":\"Person\",\"@id\":\"https:\\\/\\\/www.farmaindustria.es\\\/web\\\/#\\\/schema\\\/person\\\/49a73916178a0abe46c092fc3771e3cf\",\"name\":\"Alberto Vigario\",\"image\":{\"@type\":\"ImageObject\",\"inLanguage\":\"es\",\"@id\":\"https:\\\/\\\/secure.gravatar.com\\\/avatar\\\/f3de64d3dca25654b9369b0c3665a4178de1125cd0e487734b2a132174bd5929?s=96&d=mm&r=g\",\"url\":\"https:\\\/\\\/secure.gravatar.com\\\/avatar\\\/f3de64d3dca25654b9369b0c3665a4178de1125cd0e487734b2a132174bd5929?s=96&d=mm&r=g\",\"contentUrl\":\"https:\\\/\\\/secure.gravatar.com\\\/avatar\\\/f3de64d3dca25654b9369b0c3665a4178de1125cd0e487734b2a132174bd5929?s=96&d=mm&r=g\",\"caption\":\"Alberto Vigario\"},\"url\":\"https:\\\/\\\/www.farmaindustria.es\\\/web\\\/prensa\\\/notas-de-prensa\\\/author\\\/avigario\\\/\"}]}<\/script>\n<!-- \/ Yoast SEO plugin. -->","yoast_head_json":{"title":"La industria farmac\u00e9utica genera m\u00e1s de 27.000 millones de euros de valor a\u00f1adido en Espa\u00f1a, casi el 2% del PIB del pa\u00eds - FarmaIndustria","robots":{"index":"index","follow":"follow","max-snippet":"max-snippet:-1","max-image-preview":"max-image-preview:large","max-video-preview":"max-video-preview:-1"},"canonical":"https:\/\/www.farmaindustria.es\/web\/prensa\/notas-de-prensa\/2025\/02\/05\/la-industria-farmaceutica-genera-mas-de-27-000-millones-de-euros-de-valor-anadido-en-espana-casi-el-2-del-pib-del-pais\/","og_locale":"es_ES","og_type":"article","og_title":"La industria farmac\u00e9utica genera m\u00e1s de 27.000 millones de euros de valor a\u00f1adido en Espa\u00f1a, casi el 2% del PIB del pa\u00eds - FarmaIndustria","og_description":"La industria farmac\u00e9utica contribuye a tres de los principales retos que afronta Espa\u00f1a: mejorar la salud de la poblaci\u00f3n, garantizar la sostenibilidad de las cuentas p\u00fablicas y reforzar la competitividad y el crecimiento de la econom\u00eda. As\u00ed lo pone de manifiesto el informe Contribuci\u00f3n socioecon\u00f3mica de los medicamentos y de la industria farmac\u00e9utica en Espa\u00f1a, &hellip;","og_url":"https:\/\/www.farmaindustria.es\/web\/prensa\/notas-de-prensa\/2025\/02\/05\/la-industria-farmaceutica-genera-mas-de-27-000-millones-de-euros-de-valor-anadido-en-espana-casi-el-2-del-pib-del-pais\/","og_site_name":"FarmaIndustria","article_publisher":"https:\/\/www.facebook.com\/pages\/Farmaindustria\/730634013647836?ref=hl","article_published_time":"2025-02-05T12:49:09+00:00","article_modified_time":"2025-02-17T11:07:42+00:00","og_image":[{"width":835,"height":480,"url":"https:\/\/www.farmaindustria.es\/web\/wp-content\/uploads\/sites\/2\/2025\/02\/Foto-presentacion-informe-Afi-web-1.jpg","type":"image\/jpeg"}],"author":"Alberto Vigario","twitter_card":"summary_large_image","twitter_creator":"@FarmaIndustria","twitter_site":"@FarmaIndustria","twitter_misc":{"Escrito por":"Alberto Vigario","Tiempo de lectura":"7 minutos"},"schema":{"@context":"https:\/\/schema.org","@graph":[{"@type":"Article","@id":"https:\/\/www.farmaindustria.es\/web\/prensa\/notas-de-prensa\/2025\/02\/05\/la-industria-farmaceutica-genera-mas-de-27-000-millones-de-euros-de-valor-anadido-en-espana-casi-el-2-del-pib-del-pais\/#article","isPartOf":{"@id":"https:\/\/www.farmaindustria.es\/web\/prensa\/notas-de-prensa\/2025\/02\/05\/la-industria-farmaceutica-genera-mas-de-27-000-millones-de-euros-de-valor-anadido-en-espana-casi-el-2-del-pib-del-pais\/"},"author":{"name":"Alberto Vigario","@id":"https:\/\/www.farmaindustria.es\/web\/#\/schema\/person\/49a73916178a0abe46c092fc3771e3cf"},"headline":"La industria farmac\u00e9utica genera m\u00e1s de 27.000 millones de euros de valor a\u00f1adido en Espa\u00f1a, casi el 2% del PIB del pa\u00eds","datePublished":"2025-02-05T12:49:09+00:00","dateModified":"2025-02-17T11:07:42+00:00","mainEntityOfPage":{"@id":"https:\/\/www.farmaindustria.es\/web\/prensa\/notas-de-prensa\/2025\/02\/05\/la-industria-farmaceutica-genera-mas-de-27-000-millones-de-euros-de-valor-anadido-en-espana-casi-el-2-del-pib-del-pais\/"},"wordCount":1502,"commentCount":0,"image":{"@id":"https:\/\/www.farmaindustria.es\/web\/prensa\/notas-de-prensa\/2025\/02\/05\/la-industria-farmaceutica-genera-mas-de-27-000-millones-de-euros-de-valor-anadido-en-espana-casi-el-2-del-pib-del-pais\/#primaryimage"},"thumbnailUrl":"https:\/\/www.farmaindustria.es\/web\/wp-content\/uploads\/sites\/2\/2025\/02\/Foto-presentacion-informe-Afi-web-1.jpg","inLanguage":"es","potentialAction":[{"@type":"CommentAction","name":"Comment","target":["https:\/\/www.farmaindustria.es\/web\/prensa\/notas-de-prensa\/2025\/02\/05\/la-industria-farmaceutica-genera-mas-de-27-000-millones-de-euros-de-valor-anadido-en-espana-casi-el-2-del-pib-del-pais\/#respond"]}]},{"@type":"WebPage","@id":"https:\/\/www.farmaindustria.es\/web\/prensa\/notas-de-prensa\/2025\/02\/05\/la-industria-farmaceutica-genera-mas-de-27-000-millones-de-euros-de-valor-anadido-en-espana-casi-el-2-del-pib-del-pais\/","url":"https:\/\/www.farmaindustria.es\/web\/prensa\/notas-de-prensa\/2025\/02\/05\/la-industria-farmaceutica-genera-mas-de-27-000-millones-de-euros-de-valor-anadido-en-espana-casi-el-2-del-pib-del-pais\/","name":"La industria farmac\u00e9utica genera m\u00e1s de 27.000 millones de euros de valor a\u00f1adido en Espa\u00f1a, casi el 2% del PIB del pa\u00eds - FarmaIndustria","isPartOf":{"@id":"https:\/\/www.farmaindustria.es\/web\/#website"},"primaryImageOfPage":{"@id":"https:\/\/www.farmaindustria.es\/web\/prensa\/notas-de-prensa\/2025\/02\/05\/la-industria-farmaceutica-genera-mas-de-27-000-millones-de-euros-de-valor-anadido-en-espana-casi-el-2-del-pib-del-pais\/#primaryimage"},"image":{"@id":"https:\/\/www.farmaindustria.es\/web\/prensa\/notas-de-prensa\/2025\/02\/05\/la-industria-farmaceutica-genera-mas-de-27-000-millones-de-euros-de-valor-anadido-en-espana-casi-el-2-del-pib-del-pais\/#primaryimage"},"thumbnailUrl":"https:\/\/www.farmaindustria.es\/web\/wp-content\/uploads\/sites\/2\/2025\/02\/Foto-presentacion-informe-Afi-web-1.jpg","datePublished":"2025-02-05T12:49:09+00:00","dateModified":"2025-02-17T11:07:42+00:00","author":{"@id":"https:\/\/www.farmaindustria.es\/web\/#\/schema\/person\/49a73916178a0abe46c092fc3771e3cf"},"breadcrumb":{"@id":"https:\/\/www.farmaindustria.es\/web\/prensa\/notas-de-prensa\/2025\/02\/05\/la-industria-farmaceutica-genera-mas-de-27-000-millones-de-euros-de-valor-anadido-en-espana-casi-el-2-del-pib-del-pais\/#breadcrumb"},"inLanguage":"es","potentialAction":[{"@type":"ReadAction","target":["https:\/\/www.farmaindustria.es\/web\/prensa\/notas-de-prensa\/2025\/02\/05\/la-industria-farmaceutica-genera-mas-de-27-000-millones-de-euros-de-valor-anadido-en-espana-casi-el-2-del-pib-del-pais\/"]}]},{"@type":"ImageObject","inLanguage":"es","@id":"https:\/\/www.farmaindustria.es\/web\/prensa\/notas-de-prensa\/2025\/02\/05\/la-industria-farmaceutica-genera-mas-de-27-000-millones-de-euros-de-valor-anadido-en-espana-casi-el-2-del-pib-del-pais\/#primaryimage","url":"https:\/\/www.farmaindustria.es\/web\/wp-content\/uploads\/sites\/2\/2025\/02\/Foto-presentacion-informe-Afi-web-1.jpg","contentUrl":"https:\/\/www.farmaindustria.es\/web\/wp-content\/uploads\/sites\/2\/2025\/02\/Foto-presentacion-informe-Afi-web-1.jpg","width":835,"height":480},{"@type":"BreadcrumbList","@id":"https:\/\/www.farmaindustria.es\/web\/prensa\/notas-de-prensa\/2025\/02\/05\/la-industria-farmaceutica-genera-mas-de-27-000-millones-de-euros-de-valor-anadido-en-espana-casi-el-2-del-pib-del-pais\/#breadcrumb","itemListElement":[{"@type":"ListItem","position":1,"name":"Portada","item":"https:\/\/www.farmaindustria.es\/web\/"},{"@type":"ListItem","position":2,"name":"La industria farmac\u00e9utica genera m\u00e1s de 27.000 millones de euros de valor a\u00f1adido en Espa\u00f1a, casi el 2% del PIB del pa\u00eds"}]},{"@type":"WebSite","@id":"https:\/\/www.farmaindustria.es\/web\/#website","url":"https:\/\/www.farmaindustria.es\/web\/","name":"FarmaIndustria","description":"","potentialAction":[{"@type":"SearchAction","target":{"@type":"EntryPoint","urlTemplate":"https:\/\/www.farmaindustria.es\/web\/?s={search_term_string}"},"query-input":{"@type":"PropertyValueSpecification","valueRequired":true,"valueName":"search_term_string"}}],"inLanguage":"es"},{"@type":"Person","@id":"https:\/\/www.farmaindustria.es\/web\/#\/schema\/person\/49a73916178a0abe46c092fc3771e3cf","name":"Alberto Vigario","image":{"@type":"ImageObject","inLanguage":"es","@id":"https:\/\/secure.gravatar.com\/avatar\/f3de64d3dca25654b9369b0c3665a4178de1125cd0e487734b2a132174bd5929?s=96&d=mm&r=g","url":"https:\/\/secure.gravatar.com\/avatar\/f3de64d3dca25654b9369b0c3665a4178de1125cd0e487734b2a132174bd5929?s=96&d=mm&r=g","contentUrl":"https:\/\/secure.gravatar.com\/avatar\/f3de64d3dca25654b9369b0c3665a4178de1125cd0e487734b2a132174bd5929?s=96&d=mm&r=g","caption":"Alberto Vigario"},"url":"https:\/\/www.farmaindustria.es\/web\/prensa\/notas-de-prensa\/author\/avigario\/"}]}},"_links":{"self":[{"href":"https:\/\/www.farmaindustria.es\/web\/wp-json\/wp\/v2\/posts\/21809","targetHints":{"allow":["GET"]}}],"collection":[{"href":"https:\/\/www.farmaindustria.es\/web\/wp-json\/wp\/v2\/posts"}],"about":[{"href":"https:\/\/www.farmaindustria.es\/web\/wp-json\/wp\/v2\/types\/post"}],"author":[{"embeddable":true,"href":"https:\/\/www.farmaindustria.es\/web\/wp-json\/wp\/v2\/users\/19"}],"replies":[{"embeddable":true,"href":"https:\/\/www.farmaindustria.es\/web\/wp-json\/wp\/v2\/comments?post=21809"}],"version-history":[{"count":3,"href":"https:\/\/www.farmaindustria.es\/web\/wp-json\/wp\/v2\/posts\/21809\/revisions"}],"predecessor-version":[{"id":21872,"href":"https:\/\/www.farmaindustria.es\/web\/wp-json\/wp\/v2\/posts\/21809\/revisions\/21872"}],"wp:featuredmedia":[{"embeddable":true,"href":"https:\/\/www.farmaindustria.es\/web\/wp-json\/wp\/v2\/media\/21823"}],"wp:attachment":[{"href":"https:\/\/www.farmaindustria.es\/web\/wp-json\/wp\/v2\/media?parent=21809"}],"curies":[{"name":"wp","href":"https:\/\/api.w.org\/{rel}","templated":true}]}}