{"id":4339,"date":"2015-04-20T09:47:50","date_gmt":"2015-04-20T07:47:50","guid":{"rendered":"https:\/\/www.farmaindustria.es\/web\/?p=4339"},"modified":"2015-04-20T09:47:50","modified_gmt":"2015-04-20T07:47:50","slug":"la-transparencia-legitima-las-relaciones-entre-la-industria-y-los-profesionales-y-garantiza-una-atencion-sanitaria-de-calidad","status":"publish","type":"post","link":"https:\/\/www.farmaindustria.es\/web\/prensa\/notas-de-prensa\/2015\/04\/20\/la-transparencia-legitima-las-relaciones-entre-la-industria-y-los-profesionales-y-garantiza-una-atencion-sanitaria-de-calidad\/","title":{"rendered":"La transparencia legitima las relaciones entre la industria y los profesionales y garantiza una atenci\u00f3n sanitaria de calidad"},"content":{"rendered":"<p><img loading=\"lazy\" decoding=\"async\" class=\"alignleft size-large wp-image-4340\" src=\"https:\/\/www.farmaindustria.es\/web\/wp-content\/uploads\/sites\/2\/2015\/04\/20150417_125020-1024x576.jpg\" alt=\"20150417_125020\" width=\"640\" height=\"360\" srcset=\"https:\/\/www.farmaindustria.es\/web\/wp-content\/uploads\/sites\/2\/2015\/04\/20150417_125020-1024x576.jpg 1024w, https:\/\/www.farmaindustria.es\/web\/wp-content\/uploads\/sites\/2\/2015\/04\/20150417_125020-300x169.jpg 300w, https:\/\/www.farmaindustria.es\/web\/wp-content\/uploads\/sites\/2\/2015\/04\/20150417_125020-852x479.jpg 852w, https:\/\/www.farmaindustria.es\/web\/wp-content\/uploads\/sites\/2\/2015\/04\/20150417_125020-50x28.jpg 50w\" sizes=\"auto, (max-width: 640px) 100vw, 640px\" \/>Autoridades, profesionales y organizaciones sanitarias, pacientes e industria farmac\u00e9utica se dieron cita hoy durante la Jornada \u2018La transparencia como generadora de confianza\u2019 organizada por Farmaindustria, precisamente para debatir y avanzar en este \u00e1mbito. Antoni Esteve, Presidente de la Asociaci\u00f3n, manifest\u00f3 que \u201cla transparencia se ha convertido en una condici\u00f3n irrenunciable en todos los \u00e1mbitos, y el entorno sanitario no debe ser una excepci\u00f3n\u201d.<\/p>\n<p>\u201cLa industria farmac\u00e9utica est\u00e1 dispuesta a liderar el debate de la transparencia, pues genera confianza y la confianza es imprescindible para garantizar una atenci\u00f3n sanitaria ajustada a los mayores est\u00e1ndares de calidad\u201d, se\u00f1al\u00f3 el Presidente de Farmaindustria durante la inauguraci\u00f3n de la jornada, en la que particip\u00f3 tambi\u00e9n Paloma Mart\u00edn, Viceconsejera de Ordenaci\u00f3n Sanitaria de la Comunidad de Madrid.<\/p>\n<p>A este objetivo responde el nuevo C\u00f3digo de Buenas Pr\u00e1cticas de la Industria Farmac\u00e9utica, que entr\u00f3 en vigor en enero de 2014, por el cual las compa\u00f1\u00edas estar\u00e1n obligadas -a partir de 2016- a publicar anualmente las transferencias de valor que realicen a profesionales y organizaciones sanitarias por actividades de investigaci\u00f3n y desarrollo, formativas o reuniones cient\u00edfico-profesionales, as\u00ed como por donaciones y por prestaci\u00f3n de servicios.<\/p>\n<p>Para Esteve, \u201cse trata de una iniciativa cuya envergadura y alcance no tiene precedentes en otros sectores empresariales, con la que se espera potenciar la confianza en la leg\u00edtima y necesaria \u00a0colaboraci\u00f3n entre la industria farmac\u00e9utica y los profesionales sanitarios\u201d.<\/p>\n<p>La Jornada cont\u00f3 con dos mesas redondas. Una primera, moderada por la periodista Pilar Cernuda, en la que se debati\u00f3 sobre la transparencia de las interrelaciones basadas en una leg\u00edtima necesidad y en la que participaron Mar\u00eda G\u00e1lvez, Directora de la Federaci\u00f3n Espa\u00f1ola de Parkinson; Joaqu\u00edn Rubio, Vocal Asesor Direcci\u00f3n General de Salud P\u00fablica del Ministerio de Sanidad; Mariano Rigabert, Director General de Ordenaci\u00f3n e Inspecci\u00f3n de la Comunidad de Madrid; Roser Vall\u00e8s, Directora General d\u2019Ordenaci\u00f3 i Regaulaci\u00f3 Sanit\u00e0ries de la Generalitat de Catalu\u00f1a; y Javier Ellena, Vicepresidente de Farmaindustria.<\/p>\n<p>En la segunda mesa \u2013moderada por el Presidente de la Asociaci\u00f3n Nacional de Informadores de la Salud, Alipio Guti\u00e9rrez-, se debati\u00f3 m\u00e1s en profundidad sobre la transparencia dentro del sector sanitario y, en concreto, desde la perspectiva de los profesionales sanitarios. Para ello, la mesa cont\u00f3 con la presencia de Jos\u00e9 Luis Llisterri, Presidente de la Sociedad Espa\u00f1ola de M\u00e9dicos de Atenci\u00f3n Primaria (SEMERGEN); Jos\u00e9 Vicente Moreno, Presidente de la Sociedad Espa\u00f1ola de Reumatolog\u00eda (SER); Jes\u00fas C. G\u00f3mez, Presidente de la Sociedad Espa\u00f1ola de Farmacia Comunitaria (SEFAC); Jos\u00e9 Manuel C\u00f3zar, Presidente de la Asociaci\u00f3n Espa\u00f1ola de Urolog\u00eda (AEU); y Fernando Carballo, Presidente de la Sociedad Espa\u00f1ola de Patolog\u00eda Digestiva (SEPD).<\/p>\n<p>El Director General de Farmaindustria, Humberto Arn\u00e9s, destac\u00f3 durante la clausura de la jornada que \u201cla excelente ocasi\u00f3n que supone el nuevo C\u00f3digo de Buenas Pr\u00e1cticas para afianzar la imagen y la confianza de la sociedad en el sector sanitario en general \u00a0y en la industria farmac\u00e9utica en particular\u201d. Este C\u00f3digo traspone la normativa europea y armoniza el sistema espa\u00f1ol de autorregulaci\u00f3n con el resto de pa\u00edses de nuestro entorno.<\/p>\n","protected":false},"excerpt":{"rendered":"<p>Autoridades, profesionales y organizaciones sanitarias, pacientes e industria farmac\u00e9utica se dieron cita hoy durante la Jornada \u2018La transparencia como generadora de confianza\u2019 organizada por Farmaindustria, precisamente para debatir y avanzar en este \u00e1mbito. Antoni Esteve, Presidente de la Asociaci\u00f3n, manifest\u00f3 que \u201cla transparencia se ha convertido en una condici\u00f3n irrenunciable en todos los \u00e1mbitos, y  <a href=\"https:\/\/www.farmaindustria.es\/web\/prensa\/notas-de-prensa\/2015\/04\/20\/la-transparencia-legitima-las-relaciones-entre-la-industria-y-los-profesionales-y-garantiza-una-atencion-sanitaria-de-calidad\/\" class=\"read-more\">&hellip;<\/a><\/p>\n","protected":false},"author":14,"featured_media":4340,"comment_status":"open","ping_status":"open","sticky":false,"template":"","format":"standard","meta":{"_acf_changed":false,"footnotes":""},"class_list":["post-4339","post","type-post","status-publish","format-standard","has-post-thumbnail","hentry","tema-buenas-practicas","tema-transparencia","area-autorregulacion"],"acf":[],"yoast_head":"<!-- This site is optimized with the Yoast SEO plugin v27.4 - https:\/\/yoast.com\/product\/yoast-seo-wordpress\/ -->\n<title>La transparencia legitima las relaciones entre la industria y los profesionales y garantiza una atenci\u00f3n sanitaria de calidad - FarmaIndustria<\/title>\n<meta name=\"robots\" content=\"index, follow, max-snippet:-1, max-image-preview:large, max-video-preview:-1\" \/>\n<link rel=\"canonical\" href=\"https:\/\/www.farmaindustria.es\/web\/prensa\/notas-de-prensa\/2015\/04\/20\/la-transparencia-legitima-las-relaciones-entre-la-industria-y-los-profesionales-y-garantiza-una-atencion-sanitaria-de-calidad\/\" \/>\n<meta property=\"og:locale\" content=\"es_ES\" \/>\n<meta property=\"og:type\" content=\"article\" \/>\n<meta property=\"og:title\" content=\"La transparencia legitima las relaciones entre la industria y los profesionales y garantiza una atenci\u00f3n sanitaria de calidad - FarmaIndustria\" \/>\n<meta property=\"og:description\" content=\"Autoridades, profesionales y organizaciones sanitarias, pacientes e industria farmac\u00e9utica se dieron cita hoy durante la Jornada \u2018La transparencia como generadora de confianza\u2019 organizada por Farmaindustria, precisamente para debatir y avanzar en este \u00e1mbito. Antoni Esteve, Presidente de la Asociaci\u00f3n, manifest\u00f3 que \u201cla transparencia se ha convertido en una condici\u00f3n irrenunciable en todos los \u00e1mbitos, y &hellip;\" \/>\n<meta property=\"og:url\" content=\"https:\/\/www.farmaindustria.es\/web\/prensa\/notas-de-prensa\/2015\/04\/20\/la-transparencia-legitima-las-relaciones-entre-la-industria-y-los-profesionales-y-garantiza-una-atencion-sanitaria-de-calidad\/\" \/>\n<meta property=\"og:site_name\" content=\"FarmaIndustria\" \/>\n<meta property=\"article:publisher\" content=\"https:\/\/www.facebook.com\/pages\/Farmaindustria\/730634013647836?ref=hl\" \/>\n<meta property=\"article:published_time\" content=\"2015-04-20T07:47:50+00:00\" \/>\n<meta property=\"og:image\" content=\"https:\/\/www.farmaindustria.es\/web\/wp-content\/uploads\/sites\/2\/2015\/04\/20150417_125020.jpg\" \/>\n\t<meta property=\"og:image:width\" content=\"3264\" \/>\n\t<meta property=\"og:image:height\" content=\"1836\" \/>\n\t<meta property=\"og:image:type\" content=\"image\/jpeg\" \/>\n<meta name=\"author\" content=\"Carlos Fern\u00e1ndez\" \/>\n<meta name=\"twitter:card\" content=\"summary_large_image\" \/>\n<meta name=\"twitter:creator\" content=\"@FarmaIndustria\" \/>\n<meta name=\"twitter:site\" content=\"@FarmaIndustria\" \/>\n<meta name=\"twitter:label1\" content=\"Escrito por\" \/>\n\t<meta name=\"twitter:data1\" content=\"Carlos Fern\u00e1ndez\" \/>\n\t<meta name=\"twitter:label2\" content=\"Tiempo de lectura\" \/>\n\t<meta name=\"twitter:data2\" content=\"3 minutos\" \/>\n<script type=\"application\/ld+json\" class=\"yoast-schema-graph\">{\"@context\":\"https:\\\/\\\/schema.org\",\"@graph\":[{\"@type\":\"Article\",\"@id\":\"https:\\\/\\\/www.farmaindustria.es\\\/web\\\/prensa\\\/notas-de-prensa\\\/2015\\\/04\\\/20\\\/la-transparencia-legitima-las-relaciones-entre-la-industria-y-los-profesionales-y-garantiza-una-atencion-sanitaria-de-calidad\\\/#article\",\"isPartOf\":{\"@id\":\"https:\\\/\\\/www.farmaindustria.es\\\/web\\\/prensa\\\/notas-de-prensa\\\/2015\\\/04\\\/20\\\/la-transparencia-legitima-las-relaciones-entre-la-industria-y-los-profesionales-y-garantiza-una-atencion-sanitaria-de-calidad\\\/\"},\"author\":{\"name\":\"Carlos Fern\u00e1ndez\",\"@id\":\"https:\\\/\\\/www.farmaindustria.es\\\/web\\\/#\\\/schema\\\/person\\\/dbc2a8314255b62a2f62651aa3de8075\"},\"headline\":\"La transparencia legitima las relaciones entre la industria y los profesionales y garantiza una atenci\u00f3n sanitaria de calidad\",\"datePublished\":\"2015-04-20T07:47:50+00:00\",\"mainEntityOfPage\":{\"@id\":\"https:\\\/\\\/www.farmaindustria.es\\\/web\\\/prensa\\\/notas-de-prensa\\\/2015\\\/04\\\/20\\\/la-transparencia-legitima-las-relaciones-entre-la-industria-y-los-profesionales-y-garantiza-una-atencion-sanitaria-de-calidad\\\/\"},\"wordCount\":579,\"commentCount\":0,\"image\":{\"@id\":\"https:\\\/\\\/www.farmaindustria.es\\\/web\\\/prensa\\\/notas-de-prensa\\\/2015\\\/04\\\/20\\\/la-transparencia-legitima-las-relaciones-entre-la-industria-y-los-profesionales-y-garantiza-una-atencion-sanitaria-de-calidad\\\/#primaryimage\"},\"thumbnailUrl\":\"https:\\\/\\\/www.farmaindustria.es\\\/web\\\/wp-content\\\/uploads\\\/sites\\\/2\\\/2015\\\/04\\\/20150417_125020.jpg\",\"inLanguage\":\"es\",\"potentialAction\":[{\"@type\":\"CommentAction\",\"name\":\"Comment\",\"target\":[\"https:\\\/\\\/www.farmaindustria.es\\\/web\\\/prensa\\\/notas-de-prensa\\\/2015\\\/04\\\/20\\\/la-transparencia-legitima-las-relaciones-entre-la-industria-y-los-profesionales-y-garantiza-una-atencion-sanitaria-de-calidad\\\/#respond\"]}]},{\"@type\":\"WebPage\",\"@id\":\"https:\\\/\\\/www.farmaindustria.es\\\/web\\\/prensa\\\/notas-de-prensa\\\/2015\\\/04\\\/20\\\/la-transparencia-legitima-las-relaciones-entre-la-industria-y-los-profesionales-y-garantiza-una-atencion-sanitaria-de-calidad\\\/\",\"url\":\"https:\\\/\\\/www.farmaindustria.es\\\/web\\\/prensa\\\/notas-de-prensa\\\/2015\\\/04\\\/20\\\/la-transparencia-legitima-las-relaciones-entre-la-industria-y-los-profesionales-y-garantiza-una-atencion-sanitaria-de-calidad\\\/\",\"name\":\"La transparencia legitima las relaciones entre la industria y los profesionales y garantiza una atenci\u00f3n sanitaria de calidad - FarmaIndustria\",\"isPartOf\":{\"@id\":\"https:\\\/\\\/www.farmaindustria.es\\\/web\\\/#website\"},\"primaryImageOfPage\":{\"@id\":\"https:\\\/\\\/www.farmaindustria.es\\\/web\\\/prensa\\\/notas-de-prensa\\\/2015\\\/04\\\/20\\\/la-transparencia-legitima-las-relaciones-entre-la-industria-y-los-profesionales-y-garantiza-una-atencion-sanitaria-de-calidad\\\/#primaryimage\"},\"image\":{\"@id\":\"https:\\\/\\\/www.farmaindustria.es\\\/web\\\/prensa\\\/notas-de-prensa\\\/2015\\\/04\\\/20\\\/la-transparencia-legitima-las-relaciones-entre-la-industria-y-los-profesionales-y-garantiza-una-atencion-sanitaria-de-calidad\\\/#primaryimage\"},\"thumbnailUrl\":\"https:\\\/\\\/www.farmaindustria.es\\\/web\\\/wp-content\\\/uploads\\\/sites\\\/2\\\/2015\\\/04\\\/20150417_125020.jpg\",\"datePublished\":\"2015-04-20T07:47:50+00:00\",\"author\":{\"@id\":\"https:\\\/\\\/www.farmaindustria.es\\\/web\\\/#\\\/schema\\\/person\\\/dbc2a8314255b62a2f62651aa3de8075\"},\"breadcrumb\":{\"@id\":\"https:\\\/\\\/www.farmaindustria.es\\\/web\\\/prensa\\\/notas-de-prensa\\\/2015\\\/04\\\/20\\\/la-transparencia-legitima-las-relaciones-entre-la-industria-y-los-profesionales-y-garantiza-una-atencion-sanitaria-de-calidad\\\/#breadcrumb\"},\"inLanguage\":\"es\",\"potentialAction\":[{\"@type\":\"ReadAction\",\"target\":[\"https:\\\/\\\/www.farmaindustria.es\\\/web\\\/prensa\\\/notas-de-prensa\\\/2015\\\/04\\\/20\\\/la-transparencia-legitima-las-relaciones-entre-la-industria-y-los-profesionales-y-garantiza-una-atencion-sanitaria-de-calidad\\\/\"]}]},{\"@type\":\"ImageObject\",\"inLanguage\":\"es\",\"@id\":\"https:\\\/\\\/www.farmaindustria.es\\\/web\\\/prensa\\\/notas-de-prensa\\\/2015\\\/04\\\/20\\\/la-transparencia-legitima-las-relaciones-entre-la-industria-y-los-profesionales-y-garantiza-una-atencion-sanitaria-de-calidad\\\/#primaryimage\",\"url\":\"https:\\\/\\\/www.farmaindustria.es\\\/web\\\/wp-content\\\/uploads\\\/sites\\\/2\\\/2015\\\/04\\\/20150417_125020.jpg\",\"contentUrl\":\"https:\\\/\\\/www.farmaindustria.es\\\/web\\\/wp-content\\\/uploads\\\/sites\\\/2\\\/2015\\\/04\\\/20150417_125020.jpg\",\"width\":3264,\"height\":1836},{\"@type\":\"BreadcrumbList\",\"@id\":\"https:\\\/\\\/www.farmaindustria.es\\\/web\\\/prensa\\\/notas-de-prensa\\\/2015\\\/04\\\/20\\\/la-transparencia-legitima-las-relaciones-entre-la-industria-y-los-profesionales-y-garantiza-una-atencion-sanitaria-de-calidad\\\/#breadcrumb\",\"itemListElement\":[{\"@type\":\"ListItem\",\"position\":1,\"name\":\"Portada\",\"item\":\"https:\\\/\\\/www.farmaindustria.es\\\/web\\\/\"},{\"@type\":\"ListItem\",\"position\":2,\"name\":\"La transparencia legitima las relaciones entre la industria y los profesionales y garantiza una atenci\u00f3n sanitaria de calidad\"}]},{\"@type\":\"WebSite\",\"@id\":\"https:\\\/\\\/www.farmaindustria.es\\\/web\\\/#website\",\"url\":\"https:\\\/\\\/www.farmaindustria.es\\\/web\\\/\",\"name\":\"FarmaIndustria\",\"description\":\"\",\"potentialAction\":[{\"@type\":\"SearchAction\",\"target\":{\"@type\":\"EntryPoint\",\"urlTemplate\":\"https:\\\/\\\/www.farmaindustria.es\\\/web\\\/?s={search_term_string}\"},\"query-input\":{\"@type\":\"PropertyValueSpecification\",\"valueRequired\":true,\"valueName\":\"search_term_string\"}}],\"inLanguage\":\"es\"},{\"@type\":\"Person\",\"@id\":\"https:\\\/\\\/www.farmaindustria.es\\\/web\\\/#\\\/schema\\\/person\\\/dbc2a8314255b62a2f62651aa3de8075\",\"name\":\"Carlos Fern\u00e1ndez\",\"image\":{\"@type\":\"ImageObject\",\"inLanguage\":\"es\",\"@id\":\"https:\\\/\\\/secure.gravatar.com\\\/avatar\\\/4de223ffb7a0e62f85377f644ee120e94a9d5ff4ecae08f30d627cf01cbf6d2b?s=96&d=mm&r=g\",\"url\":\"https:\\\/\\\/secure.gravatar.com\\\/avatar\\\/4de223ffb7a0e62f85377f644ee120e94a9d5ff4ecae08f30d627cf01cbf6d2b?s=96&d=mm&r=g\",\"contentUrl\":\"https:\\\/\\\/secure.gravatar.com\\\/avatar\\\/4de223ffb7a0e62f85377f644ee120e94a9d5ff4ecae08f30d627cf01cbf6d2b?s=96&d=mm&r=g\",\"caption\":\"Carlos Fern\u00e1ndez\"},\"url\":\"https:\\\/\\\/www.farmaindustria.es\\\/web\\\/prensa\\\/notas-de-prensa\\\/author\\\/cfernandez\\\/\"}]}<\/script>\n<!-- \/ Yoast SEO plugin. -->","yoast_head_json":{"title":"La transparencia legitima las relaciones entre la industria y los profesionales y garantiza una atenci\u00f3n sanitaria de calidad - FarmaIndustria","robots":{"index":"index","follow":"follow","max-snippet":"max-snippet:-1","max-image-preview":"max-image-preview:large","max-video-preview":"max-video-preview:-1"},"canonical":"https:\/\/www.farmaindustria.es\/web\/prensa\/notas-de-prensa\/2015\/04\/20\/la-transparencia-legitima-las-relaciones-entre-la-industria-y-los-profesionales-y-garantiza-una-atencion-sanitaria-de-calidad\/","og_locale":"es_ES","og_type":"article","og_title":"La transparencia legitima las relaciones entre la industria y los profesionales y garantiza una atenci\u00f3n sanitaria de calidad - FarmaIndustria","og_description":"Autoridades, profesionales y organizaciones sanitarias, pacientes e industria farmac\u00e9utica se dieron cita hoy durante la Jornada \u2018La transparencia como generadora de confianza\u2019 organizada por Farmaindustria, precisamente para debatir y avanzar en este \u00e1mbito. Antoni Esteve, Presidente de la Asociaci\u00f3n, manifest\u00f3 que \u201cla transparencia se ha convertido en una condici\u00f3n irrenunciable en todos los \u00e1mbitos, y &hellip;","og_url":"https:\/\/www.farmaindustria.es\/web\/prensa\/notas-de-prensa\/2015\/04\/20\/la-transparencia-legitima-las-relaciones-entre-la-industria-y-los-profesionales-y-garantiza-una-atencion-sanitaria-de-calidad\/","og_site_name":"FarmaIndustria","article_publisher":"https:\/\/www.facebook.com\/pages\/Farmaindustria\/730634013647836?ref=hl","article_published_time":"2015-04-20T07:47:50+00:00","og_image":[{"width":3264,"height":1836,"url":"https:\/\/www.farmaindustria.es\/web\/wp-content\/uploads\/sites\/2\/2015\/04\/20150417_125020.jpg","type":"image\/jpeg"}],"author":"Carlos Fern\u00e1ndez","twitter_card":"summary_large_image","twitter_creator":"@FarmaIndustria","twitter_site":"@FarmaIndustria","twitter_misc":{"Escrito por":"Carlos Fern\u00e1ndez","Tiempo de lectura":"3 minutos"},"schema":{"@context":"https:\/\/schema.org","@graph":[{"@type":"Article","@id":"https:\/\/www.farmaindustria.es\/web\/prensa\/notas-de-prensa\/2015\/04\/20\/la-transparencia-legitima-las-relaciones-entre-la-industria-y-los-profesionales-y-garantiza-una-atencion-sanitaria-de-calidad\/#article","isPartOf":{"@id":"https:\/\/www.farmaindustria.es\/web\/prensa\/notas-de-prensa\/2015\/04\/20\/la-transparencia-legitima-las-relaciones-entre-la-industria-y-los-profesionales-y-garantiza-una-atencion-sanitaria-de-calidad\/"},"author":{"name":"Carlos Fern\u00e1ndez","@id":"https:\/\/www.farmaindustria.es\/web\/#\/schema\/person\/dbc2a8314255b62a2f62651aa3de8075"},"headline":"La transparencia legitima las relaciones entre la industria y los profesionales y garantiza una atenci\u00f3n sanitaria de calidad","datePublished":"2015-04-20T07:47:50+00:00","mainEntityOfPage":{"@id":"https:\/\/www.farmaindustria.es\/web\/prensa\/notas-de-prensa\/2015\/04\/20\/la-transparencia-legitima-las-relaciones-entre-la-industria-y-los-profesionales-y-garantiza-una-atencion-sanitaria-de-calidad\/"},"wordCount":579,"commentCount":0,"image":{"@id":"https:\/\/www.farmaindustria.es\/web\/prensa\/notas-de-prensa\/2015\/04\/20\/la-transparencia-legitima-las-relaciones-entre-la-industria-y-los-profesionales-y-garantiza-una-atencion-sanitaria-de-calidad\/#primaryimage"},"thumbnailUrl":"https:\/\/www.farmaindustria.es\/web\/wp-content\/uploads\/sites\/2\/2015\/04\/20150417_125020.jpg","inLanguage":"es","potentialAction":[{"@type":"CommentAction","name":"Comment","target":["https:\/\/www.farmaindustria.es\/web\/prensa\/notas-de-prensa\/2015\/04\/20\/la-transparencia-legitima-las-relaciones-entre-la-industria-y-los-profesionales-y-garantiza-una-atencion-sanitaria-de-calidad\/#respond"]}]},{"@type":"WebPage","@id":"https:\/\/www.farmaindustria.es\/web\/prensa\/notas-de-prensa\/2015\/04\/20\/la-transparencia-legitima-las-relaciones-entre-la-industria-y-los-profesionales-y-garantiza-una-atencion-sanitaria-de-calidad\/","url":"https:\/\/www.farmaindustria.es\/web\/prensa\/notas-de-prensa\/2015\/04\/20\/la-transparencia-legitima-las-relaciones-entre-la-industria-y-los-profesionales-y-garantiza-una-atencion-sanitaria-de-calidad\/","name":"La transparencia legitima las relaciones entre la industria y los profesionales y garantiza una atenci\u00f3n sanitaria de calidad - FarmaIndustria","isPartOf":{"@id":"https:\/\/www.farmaindustria.es\/web\/#website"},"primaryImageOfPage":{"@id":"https:\/\/www.farmaindustria.es\/web\/prensa\/notas-de-prensa\/2015\/04\/20\/la-transparencia-legitima-las-relaciones-entre-la-industria-y-los-profesionales-y-garantiza-una-atencion-sanitaria-de-calidad\/#primaryimage"},"image":{"@id":"https:\/\/www.farmaindustria.es\/web\/prensa\/notas-de-prensa\/2015\/04\/20\/la-transparencia-legitima-las-relaciones-entre-la-industria-y-los-profesionales-y-garantiza-una-atencion-sanitaria-de-calidad\/#primaryimage"},"thumbnailUrl":"https:\/\/www.farmaindustria.es\/web\/wp-content\/uploads\/sites\/2\/2015\/04\/20150417_125020.jpg","datePublished":"2015-04-20T07:47:50+00:00","author":{"@id":"https:\/\/www.farmaindustria.es\/web\/#\/schema\/person\/dbc2a8314255b62a2f62651aa3de8075"},"breadcrumb":{"@id":"https:\/\/www.farmaindustria.es\/web\/prensa\/notas-de-prensa\/2015\/04\/20\/la-transparencia-legitima-las-relaciones-entre-la-industria-y-los-profesionales-y-garantiza-una-atencion-sanitaria-de-calidad\/#breadcrumb"},"inLanguage":"es","potentialAction":[{"@type":"ReadAction","target":["https:\/\/www.farmaindustria.es\/web\/prensa\/notas-de-prensa\/2015\/04\/20\/la-transparencia-legitima-las-relaciones-entre-la-industria-y-los-profesionales-y-garantiza-una-atencion-sanitaria-de-calidad\/"]}]},{"@type":"ImageObject","inLanguage":"es","@id":"https:\/\/www.farmaindustria.es\/web\/prensa\/notas-de-prensa\/2015\/04\/20\/la-transparencia-legitima-las-relaciones-entre-la-industria-y-los-profesionales-y-garantiza-una-atencion-sanitaria-de-calidad\/#primaryimage","url":"https:\/\/www.farmaindustria.es\/web\/wp-content\/uploads\/sites\/2\/2015\/04\/20150417_125020.jpg","contentUrl":"https:\/\/www.farmaindustria.es\/web\/wp-content\/uploads\/sites\/2\/2015\/04\/20150417_125020.jpg","width":3264,"height":1836},{"@type":"BreadcrumbList","@id":"https:\/\/www.farmaindustria.es\/web\/prensa\/notas-de-prensa\/2015\/04\/20\/la-transparencia-legitima-las-relaciones-entre-la-industria-y-los-profesionales-y-garantiza-una-atencion-sanitaria-de-calidad\/#breadcrumb","itemListElement":[{"@type":"ListItem","position":1,"name":"Portada","item":"https:\/\/www.farmaindustria.es\/web\/"},{"@type":"ListItem","position":2,"name":"La transparencia legitima las relaciones entre la industria y los profesionales y garantiza una atenci\u00f3n sanitaria de calidad"}]},{"@type":"WebSite","@id":"https:\/\/www.farmaindustria.es\/web\/#website","url":"https:\/\/www.farmaindustria.es\/web\/","name":"FarmaIndustria","description":"","potentialAction":[{"@type":"SearchAction","target":{"@type":"EntryPoint","urlTemplate":"https:\/\/www.farmaindustria.es\/web\/?s={search_term_string}"},"query-input":{"@type":"PropertyValueSpecification","valueRequired":true,"valueName":"search_term_string"}}],"inLanguage":"es"},{"@type":"Person","@id":"https:\/\/www.farmaindustria.es\/web\/#\/schema\/person\/dbc2a8314255b62a2f62651aa3de8075","name":"Carlos Fern\u00e1ndez","image":{"@type":"ImageObject","inLanguage":"es","@id":"https:\/\/secure.gravatar.com\/avatar\/4de223ffb7a0e62f85377f644ee120e94a9d5ff4ecae08f30d627cf01cbf6d2b?s=96&d=mm&r=g","url":"https:\/\/secure.gravatar.com\/avatar\/4de223ffb7a0e62f85377f644ee120e94a9d5ff4ecae08f30d627cf01cbf6d2b?s=96&d=mm&r=g","contentUrl":"https:\/\/secure.gravatar.com\/avatar\/4de223ffb7a0e62f85377f644ee120e94a9d5ff4ecae08f30d627cf01cbf6d2b?s=96&d=mm&r=g","caption":"Carlos Fern\u00e1ndez"},"url":"https:\/\/www.farmaindustria.es\/web\/prensa\/notas-de-prensa\/author\/cfernandez\/"}]}},"_links":{"self":[{"href":"https:\/\/www.farmaindustria.es\/web\/wp-json\/wp\/v2\/posts\/4339","targetHints":{"allow":["GET"]}}],"collection":[{"href":"https:\/\/www.farmaindustria.es\/web\/wp-json\/wp\/v2\/posts"}],"about":[{"href":"https:\/\/www.farmaindustria.es\/web\/wp-json\/wp\/v2\/types\/post"}],"author":[{"embeddable":true,"href":"https:\/\/www.farmaindustria.es\/web\/wp-json\/wp\/v2\/users\/14"}],"replies":[{"embeddable":true,"href":"https:\/\/www.farmaindustria.es\/web\/wp-json\/wp\/v2\/comments?post=4339"}],"version-history":[{"count":1,"href":"https:\/\/www.farmaindustria.es\/web\/wp-json\/wp\/v2\/posts\/4339\/revisions"}],"predecessor-version":[{"id":4341,"href":"https:\/\/www.farmaindustria.es\/web\/wp-json\/wp\/v2\/posts\/4339\/revisions\/4341"}],"wp:featuredmedia":[{"embeddable":true,"href":"https:\/\/www.farmaindustria.es\/web\/wp-json\/wp\/v2\/media\/4340"}],"wp:attachment":[{"href":"https:\/\/www.farmaindustria.es\/web\/wp-json\/wp\/v2\/media?parent=4339"}],"curies":[{"name":"wp","href":"https:\/\/api.w.org\/{rel}","templated":true}]}}