{"id":4956,"date":"2016-07-01T09:35:12","date_gmt":"2016-07-01T07:35:12","guid":{"rendered":"https:\/\/www.farmaindustria.es\/web\/?p=4956"},"modified":"2016-07-01T09:36:00","modified_gmt":"2016-07-01T07:36:00","slug":"4956","status":"publish","type":"post","link":"https:\/\/www.farmaindustria.es\/web\/prensa\/notas-de-prensa\/2016\/07\/01\/4956\/","title":{"rendered":"I+D y actividades cient\u00edfico-profesionales, bases de las relaciones entre industria farmac\u00e9utica y organizaciones y profesionales sanitarios"},"content":{"rendered":"<p>En 2015, la industria farmac\u00e9utica asentada en Espa\u00f1a invirti\u00f3, aproximadamente, 190 millones de euros en contratos con organizaciones y profesionales sanitarios para proyectos de I+D y contribuy\u00f3 con 119 millones de euros en ayudas para que profesionales sanitarios pudieran acudir a actividades cient\u00edficas y reuniones profesionales, las cuales, adem\u00e1s, contaron con un apoyo de 66 millones de euros por parte del sector para su celebraci\u00f3n a trav\u00e9s de organizaciones sanitarias.<\/p>\n<p>Hoy conocemos estos datos gracias a la iniciativa de transparencia europea que han adoptado las compa\u00f1\u00edas adheridas al C\u00f3digo de Buenas Pr\u00e1cticas de la Industria Farmac\u00e9utica en Espa\u00f1a, que entre los d\u00edas 27 y 30 de junio han publicado en sus sitios web las colaboraciones realizadas en 2015 con organizaciones y profesionales sanitarios derivadas de su colaboraci\u00f3n en estos \u00e1mbitos. A ellos se suman otros dos: la prestaci\u00f3n de servicios profesionales, ya sean individuales o en grupos, por un valor de 88 millones de euros, y las donaciones, que s\u00f3lo pueden realizarse a organizaciones sanitarias y que sumaron 33 millones. A partir de ahora, cada mes de junio se publicar\u00e1n las colaboraciones realizadas el a\u00f1o anterior.<\/p>\n<p>La interacci\u00f3n entre industria farmac\u00e9utica y organizaciones y profesionales sanitarios es fundamental para la investigaci\u00f3n de nuevos medicamentos. Esta colaboraci\u00f3n genera un c\u00edrculo virtuoso donde todos ganan: los profesionales, puesto que actualizan y mejoran sus conocimientos sobre medicamentos; la industria, que se beneficia de la experiencia cl\u00ednica y cient\u00edfica de los sanitarios; el sistema sanitario, que dispone de profesionales a la vanguardia del conocimiento y la investigaci\u00f3n biom\u00e9dica internacional, as\u00ed como de constantes mejoras farmacol\u00f3gicas, y los pacientes y sociedad en general, receptores directos de la oferta de servicios sanitarios.<\/p>\n<p>Desde el a\u00f1o 2002 la industria farmac\u00e9utica europea, y por tanto la espa\u00f1ola, dispone de un C\u00f3digo de Buenas Pr\u00e1cticas, que regula las relaciones entre la industria y las organizaciones y profesionales sanitarios para introducir rigor, objetividad e independencia en dichas relaciones, lo que evita a su vez la competencia desleal entre las compa\u00f1\u00edas. Este C\u00f3digo viene siendo actualizado peri\u00f3dicamente con la incorporaci\u00f3n de mejoras derivadas de la experiencia en su aplicaci\u00f3n as\u00ed como de las exigencias de nuestra sociedad. La publicaci\u00f3n de las colaboraciones con profesionales y organizaciones, fruto de una nueva modificaci\u00f3n del C\u00f3digo, obedece a ese esp\u00edritu, que pretende tambi\u00e9n generar confianza en la sociedad sobre el valor de estas relaciones.<\/p>\n<p><strong>Apuesta por la I+D<\/strong><\/p>\n<p>La inversi\u00f3n del sector en I+D durante 2015 le mantiene como l\u00edder industrial absoluto en este \u00e1mbito en Espa\u00f1a, con 1.004 millones de euros (un 5,2% m\u00e1s que en 2014). De esta cantidad, el 41% (unos 410 millones) se destin\u00f3 a contratos de investigaci\u00f3n extramuros, fundamentalmente con el \u00e1mbito p\u00fablico (centros de investigaci\u00f3n, hospitales, universidades y otros organismos), lo que convierte a la industria farmac\u00e9utica en el principal impulsor de la colaboraci\u00f3n p\u00fablico-privada biom\u00e9dica en nuestro pa\u00eds.<\/p>\n<p>Los 190 millones de euros en I+D publicados suponen cerca del 50% del montante total de estas colaboraciones externas y hacen referencia a colaboraciones con profesionales y organizaciones asociadas al dise\u00f1o o ejecuci\u00f3n de estudios precl\u00ednicos, ensayos cl\u00ednicos y estudios de postautorizaci\u00f3n. El resto de inversiones extramuros, hasta llegar a cubrir los 410 millones de euros, incluyen la financiaci\u00f3n internacional, los contratos de investigaci\u00f3n precl\u00ednica en los que no intervengan profesionales sanitarios, el suministro de medicaci\u00f3n gratuita para los ensayos cl\u00ednicos y su monitorizaci\u00f3n.<\/p>\n<p>Para el Presidente de Farmaindustria, Antoni Esteve, la inversi\u00f3n de 2015 en I+D es un reflejo de la importante apuesta que hace la industria farmac\u00e9utica por mantener la excelencia investigadora en Espa\u00f1a. Adem\u00e1s, \u201cfacilita que nuestros centros de investigaci\u00f3n, universidades, hospitales y profesionales no s\u00f3lo conozcan las principales innovaciones, sino que puedan hacer uso de \u00e9stas en fases tempranas, lo que beneficia altamente a todos; sobre todo, a los pacientes\u201d.<\/p>\n<p><strong>Compromiso<\/strong><strong> con la informaci\u00f3n cient\u00edfica <\/strong><\/p>\n<p>Por otro lado, los 119 millones con los que la industria farmac\u00e9utica contribuye a la formaci\u00f3n cient\u00edfica y cl\u00ednica es una muestra clara del compromiso del sector por que los profesionales sanitarios espa\u00f1oles contin\u00faen al m\u00e1s alto nivel en conocimiento, especialmente importante en el campo de la salud, por el r\u00e1pido avance en la investigaci\u00f3n biom\u00e9dica y los nuevos tratamientos. Las actividades cient\u00edficas y los congresos y reuniones profesionales son el instrumento clave para ello y la industria farmac\u00e9utica est\u00e1 comprometida con que \u00e9stos sean posibles. En 2015 el sector apoy\u00f3, asimismo, a organizaciones sanitarias para la celebraci\u00f3n de este tipo de actividades con 66 millones de euros.<\/p>\n<p>Seg\u00fan datos de Farmaindustria, m\u00e1s del 70% de las actividades cient\u00edficas y los congresos y reuniones profesionales para los que la industria destina ayudas, ya sea a profesionales u organizaciones, son eventos de terceros organizados por entidades cient\u00edficas acreditadas y de reconocido prestigio, como es el caso de las sociedades cient\u00edficas, lo que garantiza el rigor, la independencia y el inter\u00e9s cient\u00edfico de estas actividades, que cuentan siempre con un programa elaborado por comit\u00e9s cient\u00edficos independientes. La labor que en este \u00e1mbito desarrollan las sociedades contribuye a que los m\u00e9dicos espa\u00f1oles ostenten un nivel de excelencia que ha sido reconocido tanto a nivel nacional como internacional y a que desempe\u00f1en una actividad asistencial que es altamente valorada por los ciudadanos.<\/p>\n<p>Casi el 95% de las ayudas que destina la industria farmac\u00e9utica en Espa\u00f1a a profesionales sanitarios se ofrece a m\u00e9dicos. En nuestro pa\u00eds hay 177.665 m\u00e9dicos haciendo labores asistenciales, seg\u00fan datos oficiales del INE referidos a 2014, y un gran n\u00famero de ellos se benefician de estas actividades cient\u00edficas apoyadas por la industria.<\/p>\n<p>Cabe destacar que s\u00f3lo la inscripci\u00f3n media a un congreso cient\u00edfico de \u00e1mbito nacional es de 600-700 euros, cantidad que puede verse incrementada si la reuni\u00f3n es de car\u00e1cter internacional. El pasado a\u00f1o, seg\u00fan datos de Farmaindustria, el 43% de las reuniones en las que la industria farmac\u00e9utica colabor\u00f3 fueron nacionales, mientras que las reuniones regionales supusieron el 32% y las internacionales, el 25%.<\/p>\n<p>Los congresos son fundamentales para mantener al m\u00e9dico al d\u00eda de los avances en su especialidad, y su importancia es tal que, por ejemplo, el pasado a\u00f1o acudieron casi 9.000 profesionales a los congresos nacionales de Atenci\u00f3n Primaria, 3.400 al de Cardiolog\u00eda o 1.500 al de Oncolog\u00eda. En los congresos internacionales, las cifras se multiplican hasta alcanzar, por ejemplo, los 20.000 que reuni\u00f3 el a\u00f1o pasado el Congreso Europeo de Oncolog\u00eda (ESMO) y los 30.000 del Congreso Americano de Oncolog\u00eda (ASCO). En el caso de ESMO, la presencia de onc\u00f3logos espa\u00f1oles ha oscilado entre el 2,5% del total de asistentes en 2012 y el 5% de 2014.<\/p>\n<p>\u201cEs motivo de orgullo para nuestro sector ser uno de los principales facilitadores del acceso a informaci\u00f3n cient\u00edfica de los profesionales sanitarios espa\u00f1oles\u201d, apunta el Presidente de Farmaindustria. Todos -profesionales, organizaciones sanitarias, sistema de salud, industria farmac\u00e9utica y, sobre todo, pacientes- \u201cnos beneficiamos de que el profesional sanitario conozca y maneje los \u00faltimos avances en su especialidad, por lo que es crucial que la industria contin\u00fae con su firme compromiso de facilitar la organizaci\u00f3n y asistencia a las actividades cient\u00edficas y los congresos profesionales\u201d.<\/p>\n<p><strong>Prestaci\u00f3n de servicios y donaciones<\/strong><\/p>\n<p>Los otros conceptos que las compa\u00f1\u00edas adheridas al C\u00f3digo de Buenas Pr\u00e1cticas han transparentado en los \u00faltimos d\u00edas han sido las contrataciones de profesionales por prestaci\u00f3n de servicios y las donaciones a organizaciones sanitarias.<\/p>\n<p>En 2015, la industria farmac\u00e9utica contrat\u00f3 servicios profesionales, ya sean individuales o en grupos, por valor de 88 millones de euros. Este tipo de servicios son reconocidos como de asesoramiento o consultor\u00eda y sus caracter\u00edsticas y requisitos est\u00e1n delimitados en el C\u00f3digo de Buenas Pr\u00e1cticas. Estos servicios pueden ser de diversa \u00edndole (ponencias en reuniones, realizaci\u00f3n de informes, etc.), pero en todo caso implican el abono de una remuneraci\u00f3n y, en su caso, los gastos de desplazamiento y manutenci\u00f3n.<\/p>\n<p>Estas actividades permiten a la industria farmac\u00e9utica conocer el comportamiento en la pr\u00e1ctica cl\u00ednica de los medicamentos, una experiencia que s\u00f3lo atesoran los profesionales sanitarios. A partir de ah\u00ed las compa\u00f1\u00edas pueden mejorar la seguridad y eficacia de los tratamientos o detectar nuevas necesidades, lo que resulta muy beneficioso para el abordaje de las enfermedades, para la eficiencia del sistema y, en especial, para aportar soluciones al paciente.<\/p>\n<p>Por \u00faltimo, la industria farmac\u00e9utica hizo donaciones a organizaciones sanitarias que prestan servicios de asistencia sanitaria social o humanitaria por valor de 33 millones de euros. Estas aportaciones deben responder a peticiones de las propias organizaciones y son desinteresadas, pues, tal y como recoge el C\u00f3digo de Buenas Pr\u00e1cticas, no pueden constituir un incentivo para \u201cla recomendaci\u00f3n, prescripci\u00f3n, compra, suministro, venta o administraci\u00f3n de medicamentos\u201d. Este tipo de ayudas van desde donaciones dinerarias para proyectos de investigaci\u00f3n o a entidades acad\u00e9micas para que las destinen a becas hasta la donaci\u00f3n de medicamentos a instituciones humanitarias.<\/p>\n<p><strong>Una iniciativa pionera<\/strong><\/p>\n<p>La publicaci\u00f3n de las colaboraciones entre industria farmac\u00e9utica y organizaciones y profesionales sanitarios s\u00f3lo es un paso m\u00e1s, aunque muy relevante, en la apuesta de la industria farmac\u00e9utica por la transparencia, vinculada al C\u00f3digo de Buenas Pr\u00e1cticas y materializada en 2002 con la creaci\u00f3n del moderno Sistema de Autorregulaci\u00f3n.<\/p>\n<p>Encuadrada en una iniciativa de \u00e1mbito continental adoptada en 2013 por la Federaci\u00f3n Europea de la Industria Farmac\u00e9utica (EFPIA) -a la que pertenece Farmaindustria-, la publicaci\u00f3n de las colaboraciones nace con la intenci\u00f3n de poner en valor unas relaciones indispensables para el avance cient\u00edfico. \u201cEn la industria nos sentimos orgullosos de esta colaboraci\u00f3n necesaria con los profesionales sanitarios y sus sociedades cient\u00edficas, imprescindibles \u00e9stas en la orientaci\u00f3n en materia de formaci\u00f3n y como garantes de la independencia de estas actividades\u201d, afirma el presidente de Farmaindustria. Y subraya que estas relaciones se basan en la objetividad, el rigor y la independencia, principios por los que vela el C\u00f3digo de Buenas Pr\u00e1cticas, que viene adapt\u00e1ndose peri\u00f3dicamente a las exigencias de la pr\u00e1ctica m\u00e9dica y de una leal competencia.<\/p>\n<p>\u201cToda la industria y todos los profesionales sanitarios queremos que el valor de nuestra colaboraci\u00f3n se conozca, y estoy convencido de que esta iniciativa contribuye a ello -se\u00f1ala Antoni Esteve-: es pionera, no tiene precedentes en otros sectores privados y est\u00e1 en l\u00ednea con las crecientes expectativas de la sociedad en materia de transparencia. Sin duda, reforzar\u00e1 la confianza de la poblaci\u00f3n, y especialmente de los pacientes\u201d.<\/p>\n","protected":false},"excerpt":{"rendered":"<p>En 2015, la industria farmac\u00e9utica asentada en Espa\u00f1a invirti\u00f3, aproximadamente, 190 millones de euros en contratos con organizaciones y profesionales sanitarios para proyectos de I+D y contribuy\u00f3 con 119 millones de euros en ayudas para que profesionales sanitarios pudieran acudir a actividades cient\u00edficas y reuniones profesionales, las cuales, adem\u00e1s, contaron con un apoyo de 66  <a href=\"https:\/\/www.farmaindustria.es\/web\/prensa\/notas-de-prensa\/2016\/07\/01\/4956\/\" class=\"read-more\">&hellip;<\/a><\/p>\n","protected":false},"author":14,"featured_media":0,"comment_status":"open","ping_status":"open","sticky":false,"template":"","format":"standard","meta":{"_acf_changed":false,"footnotes":""},"class_list":["post-4956","post","type-post","status-publish","format-standard","hentry","tema-transparencia"],"acf":[],"yoast_head":"<!-- This site is optimized with the Yoast SEO plugin v27.4 - https:\/\/yoast.com\/product\/yoast-seo-wordpress\/ -->\n<title>I+D y actividades cient\u00edfico-profesionales, bases de las relaciones entre industria farmac\u00e9utica y organizaciones y profesionales sanitarios - FarmaIndustria<\/title>\n<meta name=\"robots\" content=\"index, follow, max-snippet:-1, max-image-preview:large, max-video-preview:-1\" \/>\n<link rel=\"canonical\" href=\"https:\/\/www.farmaindustria.es\/web\/prensa\/notas-de-prensa\/2016\/07\/01\/4956\/\" \/>\n<meta property=\"og:locale\" content=\"es_ES\" \/>\n<meta property=\"og:type\" content=\"article\" \/>\n<meta property=\"og:title\" content=\"I+D y actividades cient\u00edfico-profesionales, bases de las relaciones entre industria farmac\u00e9utica y organizaciones y profesionales sanitarios - FarmaIndustria\" \/>\n<meta property=\"og:description\" content=\"En 2015, la industria farmac\u00e9utica asentada en Espa\u00f1a invirti\u00f3, aproximadamente, 190 millones de euros en contratos con organizaciones y profesionales sanitarios para proyectos de I+D y contribuy\u00f3 con 119 millones de euros en ayudas para que profesionales sanitarios pudieran acudir a actividades cient\u00edficas y reuniones profesionales, las cuales, adem\u00e1s, contaron con un apoyo de 66 &hellip;\" \/>\n<meta property=\"og:url\" content=\"https:\/\/www.farmaindustria.es\/web\/prensa\/notas-de-prensa\/2016\/07\/01\/4956\/\" \/>\n<meta property=\"og:site_name\" content=\"FarmaIndustria\" \/>\n<meta property=\"article:publisher\" content=\"https:\/\/www.facebook.com\/pages\/Farmaindustria\/730634013647836?ref=hl\" \/>\n<meta property=\"article:published_time\" content=\"2016-07-01T07:35:12+00:00\" \/>\n<meta property=\"article:modified_time\" content=\"2016-07-01T07:36:00+00:00\" \/>\n<meta property=\"og:image\" content=\"https:\/\/www.farmaindustria.es\/web\/wp-content\/uploads\/sites\/2\/2014\/03\/logo-farmaindustria.png\" \/>\n\t<meta property=\"og:image:width\" content=\"200\" \/>\n\t<meta property=\"og:image:height\" content=\"200\" \/>\n\t<meta property=\"og:image:type\" content=\"image\/png\" \/>\n<meta name=\"author\" content=\"Carlos Fern\u00e1ndez\" \/>\n<meta name=\"twitter:card\" content=\"summary_large_image\" \/>\n<meta name=\"twitter:creator\" content=\"@FarmaIndustria\" \/>\n<meta name=\"twitter:site\" content=\"@FarmaIndustria\" \/>\n<meta name=\"twitter:label1\" content=\"Escrito por\" \/>\n\t<meta name=\"twitter:data1\" content=\"Carlos Fern\u00e1ndez\" \/>\n\t<meta name=\"twitter:label2\" content=\"Tiempo de lectura\" \/>\n\t<meta name=\"twitter:data2\" content=\"9 minutos\" \/>\n<script type=\"application\/ld+json\" class=\"yoast-schema-graph\">{\"@context\":\"https:\\\/\\\/schema.org\",\"@graph\":[{\"@type\":\"Article\",\"@id\":\"https:\\\/\\\/www.farmaindustria.es\\\/web\\\/prensa\\\/notas-de-prensa\\\/2016\\\/07\\\/01\\\/4956\\\/#article\",\"isPartOf\":{\"@id\":\"https:\\\/\\\/www.farmaindustria.es\\\/web\\\/prensa\\\/notas-de-prensa\\\/2016\\\/07\\\/01\\\/4956\\\/\"},\"author\":{\"name\":\"Carlos Fern\u00e1ndez\",\"@id\":\"https:\\\/\\\/www.farmaindustria.es\\\/web\\\/#\\\/schema\\\/person\\\/dbc2a8314255b62a2f62651aa3de8075\"},\"headline\":\"I+D y actividades cient\u00edfico-profesionales, bases de las relaciones entre industria farmac\u00e9utica y organizaciones y profesionales sanitarios\",\"datePublished\":\"2016-07-01T07:35:12+00:00\",\"dateModified\":\"2016-07-01T07:36:00+00:00\",\"mainEntityOfPage\":{\"@id\":\"https:\\\/\\\/www.farmaindustria.es\\\/web\\\/prensa\\\/notas-de-prensa\\\/2016\\\/07\\\/01\\\/4956\\\/\"},\"wordCount\":1861,\"commentCount\":0,\"inLanguage\":\"es\",\"potentialAction\":[{\"@type\":\"CommentAction\",\"name\":\"Comment\",\"target\":[\"https:\\\/\\\/www.farmaindustria.es\\\/web\\\/prensa\\\/notas-de-prensa\\\/2016\\\/07\\\/01\\\/4956\\\/#respond\"]}]},{\"@type\":\"WebPage\",\"@id\":\"https:\\\/\\\/www.farmaindustria.es\\\/web\\\/prensa\\\/notas-de-prensa\\\/2016\\\/07\\\/01\\\/4956\\\/\",\"url\":\"https:\\\/\\\/www.farmaindustria.es\\\/web\\\/prensa\\\/notas-de-prensa\\\/2016\\\/07\\\/01\\\/4956\\\/\",\"name\":\"I+D y actividades cient\u00edfico-profesionales, bases de las relaciones entre industria farmac\u00e9utica y organizaciones y profesionales sanitarios - FarmaIndustria\",\"isPartOf\":{\"@id\":\"https:\\\/\\\/www.farmaindustria.es\\\/web\\\/#website\"},\"datePublished\":\"2016-07-01T07:35:12+00:00\",\"dateModified\":\"2016-07-01T07:36:00+00:00\",\"author\":{\"@id\":\"https:\\\/\\\/www.farmaindustria.es\\\/web\\\/#\\\/schema\\\/person\\\/dbc2a8314255b62a2f62651aa3de8075\"},\"breadcrumb\":{\"@id\":\"https:\\\/\\\/www.farmaindustria.es\\\/web\\\/prensa\\\/notas-de-prensa\\\/2016\\\/07\\\/01\\\/4956\\\/#breadcrumb\"},\"inLanguage\":\"es\",\"potentialAction\":[{\"@type\":\"ReadAction\",\"target\":[\"https:\\\/\\\/www.farmaindustria.es\\\/web\\\/prensa\\\/notas-de-prensa\\\/2016\\\/07\\\/01\\\/4956\\\/\"]}]},{\"@type\":\"BreadcrumbList\",\"@id\":\"https:\\\/\\\/www.farmaindustria.es\\\/web\\\/prensa\\\/notas-de-prensa\\\/2016\\\/07\\\/01\\\/4956\\\/#breadcrumb\",\"itemListElement\":[{\"@type\":\"ListItem\",\"position\":1,\"name\":\"Portada\",\"item\":\"https:\\\/\\\/www.farmaindustria.es\\\/web\\\/\"},{\"@type\":\"ListItem\",\"position\":2,\"name\":\"I+D y actividades cient\u00edfico-profesionales, bases de las relaciones entre industria farmac\u00e9utica y organizaciones y profesionales sanitarios\"}]},{\"@type\":\"WebSite\",\"@id\":\"https:\\\/\\\/www.farmaindustria.es\\\/web\\\/#website\",\"url\":\"https:\\\/\\\/www.farmaindustria.es\\\/web\\\/\",\"name\":\"FarmaIndustria\",\"description\":\"\",\"potentialAction\":[{\"@type\":\"SearchAction\",\"target\":{\"@type\":\"EntryPoint\",\"urlTemplate\":\"https:\\\/\\\/www.farmaindustria.es\\\/web\\\/?s={search_term_string}\"},\"query-input\":{\"@type\":\"PropertyValueSpecification\",\"valueRequired\":true,\"valueName\":\"search_term_string\"}}],\"inLanguage\":\"es\"},{\"@type\":\"Person\",\"@id\":\"https:\\\/\\\/www.farmaindustria.es\\\/web\\\/#\\\/schema\\\/person\\\/dbc2a8314255b62a2f62651aa3de8075\",\"name\":\"Carlos Fern\u00e1ndez\",\"image\":{\"@type\":\"ImageObject\",\"inLanguage\":\"es\",\"@id\":\"https:\\\/\\\/secure.gravatar.com\\\/avatar\\\/4de223ffb7a0e62f85377f644ee120e94a9d5ff4ecae08f30d627cf01cbf6d2b?s=96&d=mm&r=g\",\"url\":\"https:\\\/\\\/secure.gravatar.com\\\/avatar\\\/4de223ffb7a0e62f85377f644ee120e94a9d5ff4ecae08f30d627cf01cbf6d2b?s=96&d=mm&r=g\",\"contentUrl\":\"https:\\\/\\\/secure.gravatar.com\\\/avatar\\\/4de223ffb7a0e62f85377f644ee120e94a9d5ff4ecae08f30d627cf01cbf6d2b?s=96&d=mm&r=g\",\"caption\":\"Carlos Fern\u00e1ndez\"},\"url\":\"https:\\\/\\\/www.farmaindustria.es\\\/web\\\/prensa\\\/notas-de-prensa\\\/author\\\/cfernandez\\\/\"}]}<\/script>\n<!-- \/ Yoast SEO plugin. -->","yoast_head_json":{"title":"I+D y actividades cient\u00edfico-profesionales, bases de las relaciones entre industria farmac\u00e9utica y organizaciones y profesionales sanitarios - FarmaIndustria","robots":{"index":"index","follow":"follow","max-snippet":"max-snippet:-1","max-image-preview":"max-image-preview:large","max-video-preview":"max-video-preview:-1"},"canonical":"https:\/\/www.farmaindustria.es\/web\/prensa\/notas-de-prensa\/2016\/07\/01\/4956\/","og_locale":"es_ES","og_type":"article","og_title":"I+D y actividades cient\u00edfico-profesionales, bases de las relaciones entre industria farmac\u00e9utica y organizaciones y profesionales sanitarios - FarmaIndustria","og_description":"En 2015, la industria farmac\u00e9utica asentada en Espa\u00f1a invirti\u00f3, aproximadamente, 190 millones de euros en contratos con organizaciones y profesionales sanitarios para proyectos de I+D y contribuy\u00f3 con 119 millones de euros en ayudas para que profesionales sanitarios pudieran acudir a actividades cient\u00edficas y reuniones profesionales, las cuales, adem\u00e1s, contaron con un apoyo de 66 &hellip;","og_url":"https:\/\/www.farmaindustria.es\/web\/prensa\/notas-de-prensa\/2016\/07\/01\/4956\/","og_site_name":"FarmaIndustria","article_publisher":"https:\/\/www.facebook.com\/pages\/Farmaindustria\/730634013647836?ref=hl","article_published_time":"2016-07-01T07:35:12+00:00","article_modified_time":"2016-07-01T07:36:00+00:00","og_image":[{"width":200,"height":200,"url":"https:\/\/www.farmaindustria.es\/web\/wp-content\/uploads\/sites\/2\/2014\/03\/logo-farmaindustria.png","type":"image\/png"}],"author":"Carlos Fern\u00e1ndez","twitter_card":"summary_large_image","twitter_creator":"@FarmaIndustria","twitter_site":"@FarmaIndustria","twitter_misc":{"Escrito por":"Carlos Fern\u00e1ndez","Tiempo de lectura":"9 minutos"},"schema":{"@context":"https:\/\/schema.org","@graph":[{"@type":"Article","@id":"https:\/\/www.farmaindustria.es\/web\/prensa\/notas-de-prensa\/2016\/07\/01\/4956\/#article","isPartOf":{"@id":"https:\/\/www.farmaindustria.es\/web\/prensa\/notas-de-prensa\/2016\/07\/01\/4956\/"},"author":{"name":"Carlos Fern\u00e1ndez","@id":"https:\/\/www.farmaindustria.es\/web\/#\/schema\/person\/dbc2a8314255b62a2f62651aa3de8075"},"headline":"I+D y actividades cient\u00edfico-profesionales, bases de las relaciones entre industria farmac\u00e9utica y organizaciones y profesionales sanitarios","datePublished":"2016-07-01T07:35:12+00:00","dateModified":"2016-07-01T07:36:00+00:00","mainEntityOfPage":{"@id":"https:\/\/www.farmaindustria.es\/web\/prensa\/notas-de-prensa\/2016\/07\/01\/4956\/"},"wordCount":1861,"commentCount":0,"inLanguage":"es","potentialAction":[{"@type":"CommentAction","name":"Comment","target":["https:\/\/www.farmaindustria.es\/web\/prensa\/notas-de-prensa\/2016\/07\/01\/4956\/#respond"]}]},{"@type":"WebPage","@id":"https:\/\/www.farmaindustria.es\/web\/prensa\/notas-de-prensa\/2016\/07\/01\/4956\/","url":"https:\/\/www.farmaindustria.es\/web\/prensa\/notas-de-prensa\/2016\/07\/01\/4956\/","name":"I+D y actividades cient\u00edfico-profesionales, bases de las relaciones entre industria farmac\u00e9utica y organizaciones y profesionales sanitarios - FarmaIndustria","isPartOf":{"@id":"https:\/\/www.farmaindustria.es\/web\/#website"},"datePublished":"2016-07-01T07:35:12+00:00","dateModified":"2016-07-01T07:36:00+00:00","author":{"@id":"https:\/\/www.farmaindustria.es\/web\/#\/schema\/person\/dbc2a8314255b62a2f62651aa3de8075"},"breadcrumb":{"@id":"https:\/\/www.farmaindustria.es\/web\/prensa\/notas-de-prensa\/2016\/07\/01\/4956\/#breadcrumb"},"inLanguage":"es","potentialAction":[{"@type":"ReadAction","target":["https:\/\/www.farmaindustria.es\/web\/prensa\/notas-de-prensa\/2016\/07\/01\/4956\/"]}]},{"@type":"BreadcrumbList","@id":"https:\/\/www.farmaindustria.es\/web\/prensa\/notas-de-prensa\/2016\/07\/01\/4956\/#breadcrumb","itemListElement":[{"@type":"ListItem","position":1,"name":"Portada","item":"https:\/\/www.farmaindustria.es\/web\/"},{"@type":"ListItem","position":2,"name":"I+D y actividades cient\u00edfico-profesionales, bases de las relaciones entre industria farmac\u00e9utica y organizaciones y profesionales sanitarios"}]},{"@type":"WebSite","@id":"https:\/\/www.farmaindustria.es\/web\/#website","url":"https:\/\/www.farmaindustria.es\/web\/","name":"FarmaIndustria","description":"","potentialAction":[{"@type":"SearchAction","target":{"@type":"EntryPoint","urlTemplate":"https:\/\/www.farmaindustria.es\/web\/?s={search_term_string}"},"query-input":{"@type":"PropertyValueSpecification","valueRequired":true,"valueName":"search_term_string"}}],"inLanguage":"es"},{"@type":"Person","@id":"https:\/\/www.farmaindustria.es\/web\/#\/schema\/person\/dbc2a8314255b62a2f62651aa3de8075","name":"Carlos Fern\u00e1ndez","image":{"@type":"ImageObject","inLanguage":"es","@id":"https:\/\/secure.gravatar.com\/avatar\/4de223ffb7a0e62f85377f644ee120e94a9d5ff4ecae08f30d627cf01cbf6d2b?s=96&d=mm&r=g","url":"https:\/\/secure.gravatar.com\/avatar\/4de223ffb7a0e62f85377f644ee120e94a9d5ff4ecae08f30d627cf01cbf6d2b?s=96&d=mm&r=g","contentUrl":"https:\/\/secure.gravatar.com\/avatar\/4de223ffb7a0e62f85377f644ee120e94a9d5ff4ecae08f30d627cf01cbf6d2b?s=96&d=mm&r=g","caption":"Carlos Fern\u00e1ndez"},"url":"https:\/\/www.farmaindustria.es\/web\/prensa\/notas-de-prensa\/author\/cfernandez\/"}]}},"_links":{"self":[{"href":"https:\/\/www.farmaindustria.es\/web\/wp-json\/wp\/v2\/posts\/4956","targetHints":{"allow":["GET"]}}],"collection":[{"href":"https:\/\/www.farmaindustria.es\/web\/wp-json\/wp\/v2\/posts"}],"about":[{"href":"https:\/\/www.farmaindustria.es\/web\/wp-json\/wp\/v2\/types\/post"}],"author":[{"embeddable":true,"href":"https:\/\/www.farmaindustria.es\/web\/wp-json\/wp\/v2\/users\/14"}],"replies":[{"embeddable":true,"href":"https:\/\/www.farmaindustria.es\/web\/wp-json\/wp\/v2\/comments?post=4956"}],"version-history":[{"count":1,"href":"https:\/\/www.farmaindustria.es\/web\/wp-json\/wp\/v2\/posts\/4956\/revisions"}],"predecessor-version":[{"id":4957,"href":"https:\/\/www.farmaindustria.es\/web\/wp-json\/wp\/v2\/posts\/4956\/revisions\/4957"}],"wp:attachment":[{"href":"https:\/\/www.farmaindustria.es\/web\/wp-json\/wp\/v2\/media?parent=4956"}],"curies":[{"name":"wp","href":"https:\/\/api.w.org\/{rel}","templated":true}]}}