{"id":4967,"date":"2016-07-04T14:13:37","date_gmt":"2016-07-04T12:13:37","guid":{"rendered":"https:\/\/www.farmaindustria.es\/web\/?p=4967"},"modified":"2016-07-04T14:13:37","modified_gmt":"2016-07-04T12:13:37","slug":"la-secot-y-farmaindustria-firman-un-convenio-para-reforzar-la-colaboracion-y-la-transparencia","status":"publish","type":"post","link":"https:\/\/www.farmaindustria.es\/web\/prensa\/notas-de-prensa\/2016\/07\/04\/la-secot-y-farmaindustria-firman-un-convenio-para-reforzar-la-colaboracion-y-la-transparencia\/","title":{"rendered":"La SECOT y FARMAINDUSTRIA firman un convenio para reforzar la colaboraci\u00f3n y la transparencia"},"content":{"rendered":"<p><img loading=\"lazy\" decoding=\"async\" class=\"alignleft  wp-image-4968\" src=\"https:\/\/www.farmaindustria.es\/web\/wp-content\/uploads\/sites\/2\/2016\/07\/DSC_0167-300x226.jpg\" alt=\"DSC_0167\" width=\"362\" height=\"273\" srcset=\"https:\/\/www.farmaindustria.es\/web\/wp-content\/uploads\/sites\/2\/2016\/07\/DSC_0167-300x226.jpg 300w, https:\/\/www.farmaindustria.es\/web\/wp-content\/uploads\/sites\/2\/2016\/07\/DSC_0167-768x578.jpg 768w, https:\/\/www.farmaindustria.es\/web\/wp-content\/uploads\/sites\/2\/2016\/07\/DSC_0167-1024x770.jpg 1024w, https:\/\/www.farmaindustria.es\/web\/wp-content\/uploads\/sites\/2\/2016\/07\/DSC_0167-852x641.jpg 852w, https:\/\/www.farmaindustria.es\/web\/wp-content\/uploads\/sites\/2\/2016\/07\/DSC_0167-50x38.jpg 50w\" sizes=\"auto, (max-width: 362px) 100vw, 362px\" \/>La Sociedad Espa\u00f1ola de Cirug\u00eda Ortop\u00e9dica y Traumatolog\u00eda (SECOT) y Farmaindustria firmaron hoy un convenio en el que se establece un \u201cmarco general que facilite la cooperaci\u00f3n y la colaboraci\u00f3n entre ambas entidades\u201d. Este acuerdo nace con el objetivo de, a trav\u00e9s de la transparencia, contribuir a reforzar la credibilidad y la confianza de la sociedad y de los administradores p\u00fablicos en la industria farmac\u00e9utica y en el sector sanitario en su conjunto.<\/p>\n<p>Este acuerdo se inscribe en el marco de la apuesta de la industria innovadora por la transparencia, y que ya ha dado lugar a varios convenios con sociedades cient\u00edficas y asociaciones de pacientes. En este sentido, tanto la SECOT como Farmaindustria coinciden en que la estrecha colaboraci\u00f3n entre la industria farmac\u00e9utica, los profesionales sanitarios y, en especial, las organizaciones que los representan es necesaria. Lo es, sobre todo, por la complejidad cient\u00edfica y t\u00e9cnica de los medicamentos, tanto en su proceso de investigaci\u00f3n y desarrollo como en su uso en la pr\u00e1ctica cl\u00ednica. Por eso, ambas partes son conscientes de que dicha relaci\u00f3n debe llevarse a cabo cumpliendo y respetando los m\u00e1s estrictos principios \u00e9ticos de profesionalidad y responsabilidad.<\/p>\n<p>El Convenio Marco tiene por objeto promover, ampliar y reforzar la colaboraci\u00f3n entre la SECOT y Farmaindustria en cualquier \u00e1mbito, y especialmente en materia de transparencia de las relaciones entre los laboratorios asociados -as\u00ed como los adheridos al C\u00f3digo de Buenas Pr\u00e1cticas- y la Sociedad Cient\u00edfica. Adem\u00e1s, \u00e9ste se prorrogar\u00e1 autom\u00e1ticamente cada a\u00f1o, salvo renuncia expresa de cualquiera de las partes.<\/p>\n<p>Para alcanzar los objetivos del convenio, se designar\u00e1n una Comisi\u00f3n de Seguimiento y un Grupo de Trabajo, en ambos casos, compuestos por dos miembros de cada parte. La primera velar\u00e1 por el cumplimiento de los compromisos contenidos en el Convenio Marco y se ocupar\u00e1 del seguimiento, control e interpretaci\u00f3n de sus contenidos. El Grupo de Trabajo se encargar\u00e1 de consensuar las bases y los procesos que regulen las colaboraciones y evaluar las medidas adoptadas.<\/p>\n<p>El Dr. Juan Nardi, Presidente de la SECOT, ha afirmado que la SECOT se suma a esta iniciativa dirigida a dotar de una mayor transparencia a la colaboraci\u00f3n entre los diferentes agentes implicados en la especialidad.<\/p>\n<p>Para el Presidente de Farmaindustria, Antoni Esteve, este Convenio Marco entre la SECOT y la Asociaci\u00f3n \u201csupone un paso important\u00edsimo que reforzar\u00e1 la confianza de la sociedad en el sector, lo que redundar\u00e1 en un innegable beneficio para los pacientes y el sistema sanitario en general\u201d.<\/p>\n<p><strong>Reforzando la transparencia<\/strong><\/p>\n<p>Como se ha dicho, este convenio firmado con la SECOT se suma a los acordados por Farmaindustria, en similares t\u00e9rminos, con otras organizaciones sanitarias, como es el caso de la Sociedad Espa\u00f1ola de Reumatolog\u00eda (SER), la Sociedad Espa\u00f1ola de Oncolog\u00eda M\u00e9dica (SEOM) o la Plataforma de Organizaciones de Pacientes. Todos estos acuerdos avalan la transparencia como una condici\u00f3n irrenunciable en las relaciones entre la industria farmac\u00e9utica y todos los agentes del sector sanitario, ya sean profesionales, organizaciones o administraciones. Por este motivo, Farmaindustria ya trabaja en la concreci\u00f3n de nuevos convenios con otras entidades que permitan impulsar la iniciativa de transparencia, ya que, para Antoni Esteve, Presidente de la Asociaci\u00f3n, \u201ctransparencia es lo que reclama la sociedad, porque ya no s\u00f3lo importan los resultados, sino saber c\u00f3mo se obtienen\u201d.<\/p>\n","protected":false},"excerpt":{"rendered":"<p>La Sociedad Espa\u00f1ola de Cirug\u00eda Ortop\u00e9dica y Traumatolog\u00eda (SECOT) y Farmaindustria firmaron hoy un convenio en el que se establece un \u201cmarco general que facilite la cooperaci\u00f3n y la colaboraci\u00f3n entre ambas entidades\u201d. Este acuerdo nace con el objetivo de, a trav\u00e9s de la transparencia, contribuir a reforzar la credibilidad y la confianza de la  <a href=\"https:\/\/www.farmaindustria.es\/web\/prensa\/notas-de-prensa\/2016\/07\/04\/la-secot-y-farmaindustria-firman-un-convenio-para-reforzar-la-colaboracion-y-la-transparencia\/\" class=\"read-more\">&hellip;<\/a><\/p>\n","protected":false},"author":14,"featured_media":4968,"comment_status":"open","ping_status":"open","sticky":false,"template":"","format":"standard","meta":{"_acf_changed":false,"footnotes":""},"class_list":["post-4967","post","type-post","status-publish","format-standard","has-post-thumbnail","hentry","tema-buenas-practicas","tema-farmaindustria","tema-transparencia","area-autorregulacion","area-pacientes-y-profesionales-sanitarios"],"acf":[],"yoast_head":"<!-- This site is optimized with the Yoast SEO plugin v27.4 - https:\/\/yoast.com\/product\/yoast-seo-wordpress\/ -->\n<title>La SECOT y FARMAINDUSTRIA firman un convenio para reforzar la colaboraci\u00f3n y la transparencia - FarmaIndustria<\/title>\n<meta name=\"robots\" content=\"index, follow, max-snippet:-1, max-image-preview:large, max-video-preview:-1\" \/>\n<link rel=\"canonical\" href=\"https:\/\/www.farmaindustria.es\/web\/prensa\/notas-de-prensa\/2016\/07\/04\/la-secot-y-farmaindustria-firman-un-convenio-para-reforzar-la-colaboracion-y-la-transparencia\/\" \/>\n<meta property=\"og:locale\" content=\"es_ES\" \/>\n<meta property=\"og:type\" content=\"article\" \/>\n<meta property=\"og:title\" content=\"La SECOT y FARMAINDUSTRIA firman un convenio para reforzar la colaboraci\u00f3n y la transparencia - FarmaIndustria\" \/>\n<meta property=\"og:description\" content=\"La Sociedad Espa\u00f1ola de Cirug\u00eda Ortop\u00e9dica y Traumatolog\u00eda (SECOT) y Farmaindustria firmaron hoy un convenio en el que se establece un \u201cmarco general que facilite la cooperaci\u00f3n y la colaboraci\u00f3n entre ambas entidades\u201d. Este acuerdo nace con el objetivo de, a trav\u00e9s de la transparencia, contribuir a reforzar la credibilidad y la confianza de la &hellip;\" \/>\n<meta property=\"og:url\" content=\"https:\/\/www.farmaindustria.es\/web\/prensa\/notas-de-prensa\/2016\/07\/04\/la-secot-y-farmaindustria-firman-un-convenio-para-reforzar-la-colaboracion-y-la-transparencia\/\" \/>\n<meta property=\"og:site_name\" content=\"FarmaIndustria\" \/>\n<meta property=\"article:publisher\" content=\"https:\/\/www.facebook.com\/pages\/Farmaindustria\/730634013647836?ref=hl\" \/>\n<meta property=\"article:published_time\" content=\"2016-07-04T12:13:37+00:00\" \/>\n<meta property=\"og:image\" content=\"https:\/\/www.farmaindustria.es\/web\/wp-content\/uploads\/sites\/2\/2016\/07\/DSC_0167-1024x770.jpg\" \/>\n\t<meta property=\"og:image:width\" content=\"1024\" \/>\n\t<meta property=\"og:image:height\" content=\"770\" \/>\n\t<meta property=\"og:image:type\" content=\"image\/jpeg\" \/>\n<meta name=\"author\" content=\"Carlos Fern\u00e1ndez\" \/>\n<meta name=\"twitter:card\" content=\"summary_large_image\" \/>\n<meta name=\"twitter:creator\" content=\"@FarmaIndustria\" \/>\n<meta name=\"twitter:site\" content=\"@FarmaIndustria\" \/>\n<meta name=\"twitter:label1\" content=\"Escrito por\" \/>\n\t<meta name=\"twitter:data1\" content=\"Carlos Fern\u00e1ndez\" \/>\n\t<meta name=\"twitter:label2\" content=\"Tiempo de lectura\" \/>\n\t<meta name=\"twitter:data2\" content=\"3 minutos\" \/>\n<script type=\"application\/ld+json\" class=\"yoast-schema-graph\">{\"@context\":\"https:\\\/\\\/schema.org\",\"@graph\":[{\"@type\":\"Article\",\"@id\":\"https:\\\/\\\/www.farmaindustria.es\\\/web\\\/prensa\\\/notas-de-prensa\\\/2016\\\/07\\\/04\\\/la-secot-y-farmaindustria-firman-un-convenio-para-reforzar-la-colaboracion-y-la-transparencia\\\/#article\",\"isPartOf\":{\"@id\":\"https:\\\/\\\/www.farmaindustria.es\\\/web\\\/prensa\\\/notas-de-prensa\\\/2016\\\/07\\\/04\\\/la-secot-y-farmaindustria-firman-un-convenio-para-reforzar-la-colaboracion-y-la-transparencia\\\/\"},\"author\":{\"name\":\"Carlos Fern\u00e1ndez\",\"@id\":\"https:\\\/\\\/www.farmaindustria.es\\\/web\\\/#\\\/schema\\\/person\\\/dbc2a8314255b62a2f62651aa3de8075\"},\"headline\":\"La SECOT y FARMAINDUSTRIA firman un convenio para reforzar la colaboraci\u00f3n y la transparencia\",\"datePublished\":\"2016-07-04T12:13:37+00:00\",\"mainEntityOfPage\":{\"@id\":\"https:\\\/\\\/www.farmaindustria.es\\\/web\\\/prensa\\\/notas-de-prensa\\\/2016\\\/07\\\/04\\\/la-secot-y-farmaindustria-firman-un-convenio-para-reforzar-la-colaboracion-y-la-transparencia\\\/\"},\"wordCount\":600,\"commentCount\":0,\"image\":{\"@id\":\"https:\\\/\\\/www.farmaindustria.es\\\/web\\\/prensa\\\/notas-de-prensa\\\/2016\\\/07\\\/04\\\/la-secot-y-farmaindustria-firman-un-convenio-para-reforzar-la-colaboracion-y-la-transparencia\\\/#primaryimage\"},\"thumbnailUrl\":\"https:\\\/\\\/www.farmaindustria.es\\\/web\\\/wp-content\\\/uploads\\\/sites\\\/2\\\/2016\\\/07\\\/DSC_0167.jpg\",\"inLanguage\":\"es\",\"potentialAction\":[{\"@type\":\"CommentAction\",\"name\":\"Comment\",\"target\":[\"https:\\\/\\\/www.farmaindustria.es\\\/web\\\/prensa\\\/notas-de-prensa\\\/2016\\\/07\\\/04\\\/la-secot-y-farmaindustria-firman-un-convenio-para-reforzar-la-colaboracion-y-la-transparencia\\\/#respond\"]}]},{\"@type\":\"WebPage\",\"@id\":\"https:\\\/\\\/www.farmaindustria.es\\\/web\\\/prensa\\\/notas-de-prensa\\\/2016\\\/07\\\/04\\\/la-secot-y-farmaindustria-firman-un-convenio-para-reforzar-la-colaboracion-y-la-transparencia\\\/\",\"url\":\"https:\\\/\\\/www.farmaindustria.es\\\/web\\\/prensa\\\/notas-de-prensa\\\/2016\\\/07\\\/04\\\/la-secot-y-farmaindustria-firman-un-convenio-para-reforzar-la-colaboracion-y-la-transparencia\\\/\",\"name\":\"La SECOT y FARMAINDUSTRIA firman un convenio para reforzar la colaboraci\u00f3n y la transparencia - FarmaIndustria\",\"isPartOf\":{\"@id\":\"https:\\\/\\\/www.farmaindustria.es\\\/web\\\/#website\"},\"primaryImageOfPage\":{\"@id\":\"https:\\\/\\\/www.farmaindustria.es\\\/web\\\/prensa\\\/notas-de-prensa\\\/2016\\\/07\\\/04\\\/la-secot-y-farmaindustria-firman-un-convenio-para-reforzar-la-colaboracion-y-la-transparencia\\\/#primaryimage\"},\"image\":{\"@id\":\"https:\\\/\\\/www.farmaindustria.es\\\/web\\\/prensa\\\/notas-de-prensa\\\/2016\\\/07\\\/04\\\/la-secot-y-farmaindustria-firman-un-convenio-para-reforzar-la-colaboracion-y-la-transparencia\\\/#primaryimage\"},\"thumbnailUrl\":\"https:\\\/\\\/www.farmaindustria.es\\\/web\\\/wp-content\\\/uploads\\\/sites\\\/2\\\/2016\\\/07\\\/DSC_0167.jpg\",\"datePublished\":\"2016-07-04T12:13:37+00:00\",\"author\":{\"@id\":\"https:\\\/\\\/www.farmaindustria.es\\\/web\\\/#\\\/schema\\\/person\\\/dbc2a8314255b62a2f62651aa3de8075\"},\"breadcrumb\":{\"@id\":\"https:\\\/\\\/www.farmaindustria.es\\\/web\\\/prensa\\\/notas-de-prensa\\\/2016\\\/07\\\/04\\\/la-secot-y-farmaindustria-firman-un-convenio-para-reforzar-la-colaboracion-y-la-transparencia\\\/#breadcrumb\"},\"inLanguage\":\"es\",\"potentialAction\":[{\"@type\":\"ReadAction\",\"target\":[\"https:\\\/\\\/www.farmaindustria.es\\\/web\\\/prensa\\\/notas-de-prensa\\\/2016\\\/07\\\/04\\\/la-secot-y-farmaindustria-firman-un-convenio-para-reforzar-la-colaboracion-y-la-transparencia\\\/\"]}]},{\"@type\":\"ImageObject\",\"inLanguage\":\"es\",\"@id\":\"https:\\\/\\\/www.farmaindustria.es\\\/web\\\/prensa\\\/notas-de-prensa\\\/2016\\\/07\\\/04\\\/la-secot-y-farmaindustria-firman-un-convenio-para-reforzar-la-colaboracion-y-la-transparencia\\\/#primaryimage\",\"url\":\"https:\\\/\\\/www.farmaindustria.es\\\/web\\\/wp-content\\\/uploads\\\/sites\\\/2\\\/2016\\\/07\\\/DSC_0167.jpg\",\"contentUrl\":\"https:\\\/\\\/www.farmaindustria.es\\\/web\\\/wp-content\\\/uploads\\\/sites\\\/2\\\/2016\\\/07\\\/DSC_0167.jpg\",\"width\":4234,\"height\":3184},{\"@type\":\"BreadcrumbList\",\"@id\":\"https:\\\/\\\/www.farmaindustria.es\\\/web\\\/prensa\\\/notas-de-prensa\\\/2016\\\/07\\\/04\\\/la-secot-y-farmaindustria-firman-un-convenio-para-reforzar-la-colaboracion-y-la-transparencia\\\/#breadcrumb\",\"itemListElement\":[{\"@type\":\"ListItem\",\"position\":1,\"name\":\"Portada\",\"item\":\"https:\\\/\\\/www.farmaindustria.es\\\/web\\\/\"},{\"@type\":\"ListItem\",\"position\":2,\"name\":\"La SECOT y FARMAINDUSTRIA firman un convenio para reforzar la colaboraci\u00f3n y la transparencia\"}]},{\"@type\":\"WebSite\",\"@id\":\"https:\\\/\\\/www.farmaindustria.es\\\/web\\\/#website\",\"url\":\"https:\\\/\\\/www.farmaindustria.es\\\/web\\\/\",\"name\":\"FarmaIndustria\",\"description\":\"\",\"potentialAction\":[{\"@type\":\"SearchAction\",\"target\":{\"@type\":\"EntryPoint\",\"urlTemplate\":\"https:\\\/\\\/www.farmaindustria.es\\\/web\\\/?s={search_term_string}\"},\"query-input\":{\"@type\":\"PropertyValueSpecification\",\"valueRequired\":true,\"valueName\":\"search_term_string\"}}],\"inLanguage\":\"es\"},{\"@type\":\"Person\",\"@id\":\"https:\\\/\\\/www.farmaindustria.es\\\/web\\\/#\\\/schema\\\/person\\\/dbc2a8314255b62a2f62651aa3de8075\",\"name\":\"Carlos Fern\u00e1ndez\",\"image\":{\"@type\":\"ImageObject\",\"inLanguage\":\"es\",\"@id\":\"https:\\\/\\\/secure.gravatar.com\\\/avatar\\\/4de223ffb7a0e62f85377f644ee120e94a9d5ff4ecae08f30d627cf01cbf6d2b?s=96&d=mm&r=g\",\"url\":\"https:\\\/\\\/secure.gravatar.com\\\/avatar\\\/4de223ffb7a0e62f85377f644ee120e94a9d5ff4ecae08f30d627cf01cbf6d2b?s=96&d=mm&r=g\",\"contentUrl\":\"https:\\\/\\\/secure.gravatar.com\\\/avatar\\\/4de223ffb7a0e62f85377f644ee120e94a9d5ff4ecae08f30d627cf01cbf6d2b?s=96&d=mm&r=g\",\"caption\":\"Carlos Fern\u00e1ndez\"},\"url\":\"https:\\\/\\\/www.farmaindustria.es\\\/web\\\/prensa\\\/notas-de-prensa\\\/author\\\/cfernandez\\\/\"}]}<\/script>\n<!-- \/ Yoast SEO plugin. -->","yoast_head_json":{"title":"La SECOT y FARMAINDUSTRIA firman un convenio para reforzar la colaboraci\u00f3n y la transparencia - FarmaIndustria","robots":{"index":"index","follow":"follow","max-snippet":"max-snippet:-1","max-image-preview":"max-image-preview:large","max-video-preview":"max-video-preview:-1"},"canonical":"https:\/\/www.farmaindustria.es\/web\/prensa\/notas-de-prensa\/2016\/07\/04\/la-secot-y-farmaindustria-firman-un-convenio-para-reforzar-la-colaboracion-y-la-transparencia\/","og_locale":"es_ES","og_type":"article","og_title":"La SECOT y FARMAINDUSTRIA firman un convenio para reforzar la colaboraci\u00f3n y la transparencia - FarmaIndustria","og_description":"La Sociedad Espa\u00f1ola de Cirug\u00eda Ortop\u00e9dica y Traumatolog\u00eda (SECOT) y Farmaindustria firmaron hoy un convenio en el que se establece un \u201cmarco general que facilite la cooperaci\u00f3n y la colaboraci\u00f3n entre ambas entidades\u201d. Este acuerdo nace con el objetivo de, a trav\u00e9s de la transparencia, contribuir a reforzar la credibilidad y la confianza de la &hellip;","og_url":"https:\/\/www.farmaindustria.es\/web\/prensa\/notas-de-prensa\/2016\/07\/04\/la-secot-y-farmaindustria-firman-un-convenio-para-reforzar-la-colaboracion-y-la-transparencia\/","og_site_name":"FarmaIndustria","article_publisher":"https:\/\/www.facebook.com\/pages\/Farmaindustria\/730634013647836?ref=hl","article_published_time":"2016-07-04T12:13:37+00:00","og_image":[{"width":1024,"height":770,"url":"https:\/\/www.farmaindustria.es\/web\/wp-content\/uploads\/sites\/2\/2016\/07\/DSC_0167-1024x770.jpg","type":"image\/jpeg"}],"author":"Carlos Fern\u00e1ndez","twitter_card":"summary_large_image","twitter_creator":"@FarmaIndustria","twitter_site":"@FarmaIndustria","twitter_misc":{"Escrito por":"Carlos Fern\u00e1ndez","Tiempo de lectura":"3 minutos"},"schema":{"@context":"https:\/\/schema.org","@graph":[{"@type":"Article","@id":"https:\/\/www.farmaindustria.es\/web\/prensa\/notas-de-prensa\/2016\/07\/04\/la-secot-y-farmaindustria-firman-un-convenio-para-reforzar-la-colaboracion-y-la-transparencia\/#article","isPartOf":{"@id":"https:\/\/www.farmaindustria.es\/web\/prensa\/notas-de-prensa\/2016\/07\/04\/la-secot-y-farmaindustria-firman-un-convenio-para-reforzar-la-colaboracion-y-la-transparencia\/"},"author":{"name":"Carlos Fern\u00e1ndez","@id":"https:\/\/www.farmaindustria.es\/web\/#\/schema\/person\/dbc2a8314255b62a2f62651aa3de8075"},"headline":"La SECOT y FARMAINDUSTRIA firman un convenio para reforzar la colaboraci\u00f3n y la transparencia","datePublished":"2016-07-04T12:13:37+00:00","mainEntityOfPage":{"@id":"https:\/\/www.farmaindustria.es\/web\/prensa\/notas-de-prensa\/2016\/07\/04\/la-secot-y-farmaindustria-firman-un-convenio-para-reforzar-la-colaboracion-y-la-transparencia\/"},"wordCount":600,"commentCount":0,"image":{"@id":"https:\/\/www.farmaindustria.es\/web\/prensa\/notas-de-prensa\/2016\/07\/04\/la-secot-y-farmaindustria-firman-un-convenio-para-reforzar-la-colaboracion-y-la-transparencia\/#primaryimage"},"thumbnailUrl":"https:\/\/www.farmaindustria.es\/web\/wp-content\/uploads\/sites\/2\/2016\/07\/DSC_0167.jpg","inLanguage":"es","potentialAction":[{"@type":"CommentAction","name":"Comment","target":["https:\/\/www.farmaindustria.es\/web\/prensa\/notas-de-prensa\/2016\/07\/04\/la-secot-y-farmaindustria-firman-un-convenio-para-reforzar-la-colaboracion-y-la-transparencia\/#respond"]}]},{"@type":"WebPage","@id":"https:\/\/www.farmaindustria.es\/web\/prensa\/notas-de-prensa\/2016\/07\/04\/la-secot-y-farmaindustria-firman-un-convenio-para-reforzar-la-colaboracion-y-la-transparencia\/","url":"https:\/\/www.farmaindustria.es\/web\/prensa\/notas-de-prensa\/2016\/07\/04\/la-secot-y-farmaindustria-firman-un-convenio-para-reforzar-la-colaboracion-y-la-transparencia\/","name":"La SECOT y FARMAINDUSTRIA firman un convenio para reforzar la colaboraci\u00f3n y la transparencia - FarmaIndustria","isPartOf":{"@id":"https:\/\/www.farmaindustria.es\/web\/#website"},"primaryImageOfPage":{"@id":"https:\/\/www.farmaindustria.es\/web\/prensa\/notas-de-prensa\/2016\/07\/04\/la-secot-y-farmaindustria-firman-un-convenio-para-reforzar-la-colaboracion-y-la-transparencia\/#primaryimage"},"image":{"@id":"https:\/\/www.farmaindustria.es\/web\/prensa\/notas-de-prensa\/2016\/07\/04\/la-secot-y-farmaindustria-firman-un-convenio-para-reforzar-la-colaboracion-y-la-transparencia\/#primaryimage"},"thumbnailUrl":"https:\/\/www.farmaindustria.es\/web\/wp-content\/uploads\/sites\/2\/2016\/07\/DSC_0167.jpg","datePublished":"2016-07-04T12:13:37+00:00","author":{"@id":"https:\/\/www.farmaindustria.es\/web\/#\/schema\/person\/dbc2a8314255b62a2f62651aa3de8075"},"breadcrumb":{"@id":"https:\/\/www.farmaindustria.es\/web\/prensa\/notas-de-prensa\/2016\/07\/04\/la-secot-y-farmaindustria-firman-un-convenio-para-reforzar-la-colaboracion-y-la-transparencia\/#breadcrumb"},"inLanguage":"es","potentialAction":[{"@type":"ReadAction","target":["https:\/\/www.farmaindustria.es\/web\/prensa\/notas-de-prensa\/2016\/07\/04\/la-secot-y-farmaindustria-firman-un-convenio-para-reforzar-la-colaboracion-y-la-transparencia\/"]}]},{"@type":"ImageObject","inLanguage":"es","@id":"https:\/\/www.farmaindustria.es\/web\/prensa\/notas-de-prensa\/2016\/07\/04\/la-secot-y-farmaindustria-firman-un-convenio-para-reforzar-la-colaboracion-y-la-transparencia\/#primaryimage","url":"https:\/\/www.farmaindustria.es\/web\/wp-content\/uploads\/sites\/2\/2016\/07\/DSC_0167.jpg","contentUrl":"https:\/\/www.farmaindustria.es\/web\/wp-content\/uploads\/sites\/2\/2016\/07\/DSC_0167.jpg","width":4234,"height":3184},{"@type":"BreadcrumbList","@id":"https:\/\/www.farmaindustria.es\/web\/prensa\/notas-de-prensa\/2016\/07\/04\/la-secot-y-farmaindustria-firman-un-convenio-para-reforzar-la-colaboracion-y-la-transparencia\/#breadcrumb","itemListElement":[{"@type":"ListItem","position":1,"name":"Portada","item":"https:\/\/www.farmaindustria.es\/web\/"},{"@type":"ListItem","position":2,"name":"La SECOT y FARMAINDUSTRIA firman un convenio para reforzar la colaboraci\u00f3n y la transparencia"}]},{"@type":"WebSite","@id":"https:\/\/www.farmaindustria.es\/web\/#website","url":"https:\/\/www.farmaindustria.es\/web\/","name":"FarmaIndustria","description":"","potentialAction":[{"@type":"SearchAction","target":{"@type":"EntryPoint","urlTemplate":"https:\/\/www.farmaindustria.es\/web\/?s={search_term_string}"},"query-input":{"@type":"PropertyValueSpecification","valueRequired":true,"valueName":"search_term_string"}}],"inLanguage":"es"},{"@type":"Person","@id":"https:\/\/www.farmaindustria.es\/web\/#\/schema\/person\/dbc2a8314255b62a2f62651aa3de8075","name":"Carlos Fern\u00e1ndez","image":{"@type":"ImageObject","inLanguage":"es","@id":"https:\/\/secure.gravatar.com\/avatar\/4de223ffb7a0e62f85377f644ee120e94a9d5ff4ecae08f30d627cf01cbf6d2b?s=96&d=mm&r=g","url":"https:\/\/secure.gravatar.com\/avatar\/4de223ffb7a0e62f85377f644ee120e94a9d5ff4ecae08f30d627cf01cbf6d2b?s=96&d=mm&r=g","contentUrl":"https:\/\/secure.gravatar.com\/avatar\/4de223ffb7a0e62f85377f644ee120e94a9d5ff4ecae08f30d627cf01cbf6d2b?s=96&d=mm&r=g","caption":"Carlos Fern\u00e1ndez"},"url":"https:\/\/www.farmaindustria.es\/web\/prensa\/notas-de-prensa\/author\/cfernandez\/"}]}},"_links":{"self":[{"href":"https:\/\/www.farmaindustria.es\/web\/wp-json\/wp\/v2\/posts\/4967","targetHints":{"allow":["GET"]}}],"collection":[{"href":"https:\/\/www.farmaindustria.es\/web\/wp-json\/wp\/v2\/posts"}],"about":[{"href":"https:\/\/www.farmaindustria.es\/web\/wp-json\/wp\/v2\/types\/post"}],"author":[{"embeddable":true,"href":"https:\/\/www.farmaindustria.es\/web\/wp-json\/wp\/v2\/users\/14"}],"replies":[{"embeddable":true,"href":"https:\/\/www.farmaindustria.es\/web\/wp-json\/wp\/v2\/comments?post=4967"}],"version-history":[{"count":1,"href":"https:\/\/www.farmaindustria.es\/web\/wp-json\/wp\/v2\/posts\/4967\/revisions"}],"predecessor-version":[{"id":4969,"href":"https:\/\/www.farmaindustria.es\/web\/wp-json\/wp\/v2\/posts\/4967\/revisions\/4969"}],"wp:featuredmedia":[{"embeddable":true,"href":"https:\/\/www.farmaindustria.es\/web\/wp-json\/wp\/v2\/media\/4968"}],"wp:attachment":[{"href":"https:\/\/www.farmaindustria.es\/web\/wp-json\/wp\/v2\/media?parent=4967"}],"curies":[{"name":"wp","href":"https:\/\/api.w.org\/{rel}","templated":true}]}}