{"id":5796,"date":"2017-03-29T12:42:57","date_gmt":"2017-03-29T10:42:57","guid":{"rendered":"https:\/\/www.farmaindustria.es\/web\/?p=5796"},"modified":"2017-03-29T12:42:57","modified_gmt":"2017-03-29T10:42:57","slug":"farmaindustria-reafirma-su-apuesta-por-la-transparencia","status":"publish","type":"post","link":"https:\/\/www.farmaindustria.es\/web\/prensa\/notas-de-prensa\/2017\/03\/29\/farmaindustria-reafirma-su-apuesta-por-la-transparencia\/","title":{"rendered":"Farmaindustria reafirma su apuesta por la transparencia como medio para prevenir conflictos de inter\u00e9s"},"content":{"rendered":"<div id=\"attachment_5797\" style=\"width: 650px\" class=\"wp-caption aligncenter\"><a href=\"https:\/\/www.farmaindustria.es\/web\/wp-content\/uploads\/sites\/2\/2017\/03\/Dialogos_cnmc_1.jpg\"><img loading=\"lazy\" decoding=\"async\" aria-describedby=\"caption-attachment-5797\" class=\"size-large wp-image-5797\" src=\"https:\/\/www.farmaindustria.es\/web\/wp-content\/uploads\/sites\/2\/2017\/03\/Dialogos_cnmc_1-1024x820.jpg\" alt=\"\" width=\"640\" height=\"513\" srcset=\"https:\/\/www.farmaindustria.es\/web\/wp-content\/uploads\/sites\/2\/2017\/03\/Dialogos_cnmc_1-1024x820.jpg 1024w, https:\/\/www.farmaindustria.es\/web\/wp-content\/uploads\/sites\/2\/2017\/03\/Dialogos_cnmc_1-300x240.jpg 300w, https:\/\/www.farmaindustria.es\/web\/wp-content\/uploads\/sites\/2\/2017\/03\/Dialogos_cnmc_1-768x615.jpg 768w, https:\/\/www.farmaindustria.es\/web\/wp-content\/uploads\/sites\/2\/2017\/03\/Dialogos_cnmc_1-852x682.jpg 852w, https:\/\/www.farmaindustria.es\/web\/wp-content\/uploads\/sites\/2\/2017\/03\/Dialogos_cnmc_1-50x40.jpg 50w, https:\/\/www.farmaindustria.es\/web\/wp-content\/uploads\/sites\/2\/2017\/03\/Dialogos_cnmc_1.jpg 1278w\" sizes=\"auto, (max-width: 640px) 100vw, 640px\" \/><\/a><p id=\"caption-attachment-5797\" class=\"wp-caption-text\">Carlos Balmisa (CNMC), Esther Arizmendi (CTBG), Humberto Arn\u00e9s (Farmaindustria) y Jes\u00fas Lizcano (Transparencia Internacional).<\/p><\/div>\n<p>El director general de Farmaindustria, Humberto Arn\u00e9s, reafirm\u00f3 hoy la clara apuesta por la transparencia de la industria farmac\u00e9utica innovadora, que, entre otras medidas, se concreta a trav\u00e9s de la publicaci\u00f3n individualizada por parte de los laboratorios de las transferencias de valor a los profesionales sanitarios en materia de prestaci\u00f3n de servicios y ayuda a la formaci\u00f3n continuada, que <strong>ser\u00e1 plenamente efectiva en 2018<\/strong>, cuando se hagan p\u00fablicas las colaboraciones realizadas este a\u00f1o.<\/p>\n<p>En el marco de un coloquio organizado por la <a href=\"https:\/\/www.cnmc.es\/node\/268496\">Comisi\u00f3n Nacional de los Mercados y la Competencia (CNMC) <\/a>con la colaboraci\u00f3n de la <a href=\"http:\/\/www.asociacioncompliance.com\/\">Asociaci\u00f3n Espa\u00f1ola de Compliance<\/a> bajo el t\u00edtulo <em>La transparencia como valor<\/em>, Arn\u00e9s destac\u00f3 que la publicaci\u00f3n individualizada de las transferencias de valor en las webs de los laboratorios \u201cno s\u00f3lo permite mostrar la necesidad de tales colaboraciones, sino que<strong> genera confianza hacia la industria, el sistema sanitario y sus profesionales\u201d.<\/strong><\/p>\n<p><span>\u201cLa raz\u00f3n de ser de la industria farmac\u00e9utica innovadora \u2013subray\u00f3- es investigar y poner a disposici\u00f3n de la comunidad sanitaria y de las personas nuevos medicamentos que mejoren la calidad de vida de los pacientes o les curen. Y esa labor no puede hacerse sin la colaboraci\u00f3n de los profesionales sanitarios. Ni la I+D de nuevos f\u00e1rmacos ni su uso adecuado ser\u00edan posibles en los t\u00e9rminos actuales sin la interacci\u00f3n constante entre compa\u00f1\u00edas farmac\u00e9uticas y sistema sanitario\u201d.<\/span><span><\/span><\/p>\n<p>Sobre esa base, explic\u00f3, se apoya el proceso de transparencia en general y la publicaci\u00f3n de datos en particular. \u201cPermite a los laboratorios mostrar el valor que las colaboraciones tienen para el Sistema Nacional de Salud y la sociedad en general \u2013insisti\u00f3-; <strong>favorece a los profesionales sanitarios, ya que constituye una garant\u00eda p\u00fablica de su integridad e independencia al tomar sus decisiones cl\u00ednicas<\/strong>, y beneficia en \u00faltima instancia a los pacientes, que gracias a estas transferencias de valor son tratados por facultativos cuyos conocimientos est\u00e1n permanentemente actualizados sobre la base de la \u00faltima evidencia cient\u00edfica disponible\u201d.<\/p>\n<p><strong>Iniciativa alineada con la demanda social<\/strong><\/p>\n<p>Arn\u00e9s enmarc\u00f3 tambi\u00e9n esta apuesta por la transparencia en la creciente demanda en la materia por parte de la sociedad, que reclama cada vez m\u00e1s informaci\u00f3n de las empresas sobre sus actividades e impactos y sobre su relaci\u00f3n con diferentes grupos de inter\u00e9s.<\/p>\n<p>En este sentido, manifest\u00f3 Arn\u00e9s, desde Farmaindustria se asume el \u00e1mbito particularmente sensible que es el sanitario y farmac\u00e9utico. <strong>\u201cTransparencia implica confianza, porque disipa las dudas que genera la opacidad\u201d<\/strong>, dijo, y subray\u00f3 que el fin \u00faltimo de todo este proceso es prevenir los posibles conflictos de inter\u00e9s. Explic\u00f3 as\u00ed \u201cla positiva acogida que nuestra iniciativa ha tenido por parte de instituciones como el Consejo de Transparencia y Buen Gobierno y Transparencia Internacional Espa\u00f1a, y que nos anima a perseverar\u201d.<\/p>\n<p>La publicaci\u00f3n de las transferencias de valor a los profesionales y organizaciones sanitarias est\u00e1 recogida en el <a href=\"https:\/\/www.codigofarmaindustria.org\/servlet\/sarfi\/home.html\">C\u00f3digo de Buenas Pr\u00e1cticas de la industria farmac\u00e9utica<\/a> y tuvo lugar por primera vez en junio de 2016 (con datos de 2015). <strong>Esta publicaci\u00f3n se repetir\u00e1 anualmente cada mes de junio<\/strong> y engloba cuatro grandes conceptos: donaciones (en este caso s\u00f3lo se pueden hacer a organizaciones sanitarias, no a personas individuales), apoyo para actividades formativas y reuniones cient\u00edfico-profesionales, retribuciones por servicios profesionales y colaboraciones en materia de I+D.<\/p>\n<p>Tal como record\u00f3 el director general de Farmaindustria, mientras que en la publicaci\u00f3n de los datos de 2015 (realizada junio de 2016) y 2016 (que se llevar\u00e1 a cabo en junio de este a\u00f1o), aparecen todav\u00eda datos agregados (correspondientes a los profesionales que no hab\u00edan dado su autorizaci\u00f3n de forma expresa),<strong> todas las transferencias de valor efectuadas en 2017 ser\u00e1n publicadas ya de forma individualizada en junio de 2018, en l\u00ednea con lo establecido por la Agencia Espa\u00f1ola de Protecci\u00f3n de Datos<\/strong>, que en una resoluci\u00f3n del a\u00f1o pasado tras consulta de Farmaindustria antepon\u00eda el inter\u00e9s general al individual para la publicaci\u00f3n de esta informaci\u00f3n.<\/p>\n<p>La agencia s\u00ed exige, en cambio, que la publicaci\u00f3n de datos individualizados no sirva a otra finalidad que la perseguida por la iniciativa y, por consiguiente, apunta que no debe facilitarse la indexaci\u00f3n de la informaci\u00f3n publicada en los sitios web a trav\u00e9s de motores de b\u00fasqueda.<\/p>\n<p><strong>Un compromiso amplio con el sistema sanitario y la sociedad<\/strong><\/p>\n<p>En cualquier caso, la publicaci\u00f3n individualizada de las transferencias de valor es s\u00f3lo una de las bases de la pol\u00edtica de transparencia que en los \u00faltimos tres lustros est\u00e1 desarrollando la industria farmac\u00e9utica innovadora y que se concreta en el citado C\u00f3digo de Buenas Pr\u00e1cticas, que forma parte a su vez de <strong>un robusto Sistema de Autorregulaci\u00f3n que garantiza que la conducta de los laboratorios se rige por los m\u00e1s estrictos principios \u00e9ticos de responsabilidad y profesionalidad.<\/strong><\/p>\n<p>Este sistema incluye otros elementos ligados a la transparencia, como el establecimiento de los criterios que debe cumplir la industria para colaborar en actividades formativas y reuniones cient\u00edfico-profesionales de organizaciones sanitarias y la publicaci\u00f3n de las relaciones con las asociaciones de pacientes, de los acuerdos de mediaci\u00f3n ante la Comisi\u00f3n Deontol\u00f3gica y de las resoluciones emitidas por el Jurado de Autocontrol (Asociaci\u00f3n para la Autorregulaci\u00f3n de la Comunicaci\u00f3n Comercial). Todo lo anterior est\u00e1 disponible para su consulta en <a href=\"http:\/\/www.codigofarmaindustria.org\">www.codigofarmaindustria.org<\/a>.<\/p>\n<p>Arn\u00e9s insisti\u00f3 en ubicar en este marco<strong> la individualizaci\u00f3n de los datos, como medio necesario para mostrar el rigor y la independencia con la que se produce la colaboraci\u00f3n entre industria y organizaciones y profesionales sanitarios<\/strong>. A partir de aqu\u00ed, reiter\u00f3 el compromiso de la industria con el apoyo a los profesionales sanitarios y a las sociedades cient\u00edficas tanto en el avance de la investigaci\u00f3n como en el fomento de la formaci\u00f3n continuada.<\/p>\n<p>Por otro lado, y con respecto a la fiscalidad del apoyo de la industria a la formaci\u00f3n continuada de los profesionales sanitarios, explic\u00f3 que <strong>\u201cla publicaci\u00f3n de los datos individualizados no cambia la naturaleza tributaria de estas ayudas\u201d<\/strong>. Y se remiti\u00f3 a la reciente Proposici\u00f3n No de Ley aprobada por la Comisi\u00f3n de Sanidad del Congreso de los Diputados que insta al Gobierno a \u201cseguir considerando exentas de tributaci\u00f3n\u201d tales transferencias de valor dedicadas a la formaci\u00f3n de los profesionales del Sistema Nacional de Salud.<\/p>\n<p>La jornada fue moderada por Carlos Balmisa, director del Departamento de Control Interno de la Comisi\u00f3n Nacional de los Mercados y la Competencia, y cont\u00f3 con la participaci\u00f3n, junto a Humberto Arn\u00e9s, de la presidenta del <a href=\"http:\/\/www.consejodetransparencia.es\/ct_Home\/index.html\">Consejo de Transparencia y Buen Gobierno (CTBG)<\/a>, Esther Arizmendi, y el presidente de <a href=\"http:\/\/transparencia.org.es\/\">Transparencia Internacional Espa\u00f1a<\/a>, Jes\u00fas Lizcano.<\/p>\n","protected":false},"excerpt":{"rendered":"<p>El director general de Farmaindustria, Humberto Arn\u00e9s, reafirm\u00f3 hoy la clara apuesta por la transparencia de la industria farmac\u00e9utica innovadora, que, entre otras medidas, se concreta a trav\u00e9s de la publicaci\u00f3n individualizada por parte de los laboratorios de las transferencias de valor a los profesionales sanitarios en materia de prestaci\u00f3n de servicios y ayuda a  <a href=\"https:\/\/www.farmaindustria.es\/web\/prensa\/notas-de-prensa\/2017\/03\/29\/farmaindustria-reafirma-su-apuesta-por-la-transparencia\/\" class=\"read-more\">&hellip;<\/a><\/p>\n","protected":false},"author":15,"featured_media":5797,"comment_status":"open","ping_status":"open","sticky":false,"template":"","format":"standard","meta":{"_acf_changed":false,"footnotes":""},"class_list":["post-5796","post","type-post","status-publish","format-standard","has-post-thumbnail","hentry","tema-transparencia","area-autorregulacion","geografica-espana","organismo-farmaindustria"],"acf":[],"yoast_head":"<!-- This site is optimized with the Yoast SEO plugin v27.4 - https:\/\/yoast.com\/product\/yoast-seo-wordpress\/ -->\n<title>Farmaindustria reafirma su apuesta por la transparencia como medio para prevenir conflictos de inter\u00e9s - FarmaIndustria<\/title>\n<meta name=\"robots\" content=\"index, follow, max-snippet:-1, max-image-preview:large, max-video-preview:-1\" \/>\n<link rel=\"canonical\" href=\"https:\/\/www.farmaindustria.es\/web\/prensa\/notas-de-prensa\/2017\/03\/29\/farmaindustria-reafirma-su-apuesta-por-la-transparencia\/\" \/>\n<meta property=\"og:locale\" content=\"es_ES\" \/>\n<meta property=\"og:type\" content=\"article\" \/>\n<meta property=\"og:title\" content=\"Farmaindustria reafirma su apuesta por la transparencia como medio para prevenir conflictos de inter\u00e9s - FarmaIndustria\" \/>\n<meta property=\"og:description\" content=\"El director general de Farmaindustria, Humberto Arn\u00e9s, reafirm\u00f3 hoy la clara apuesta por la transparencia de la industria farmac\u00e9utica innovadora, que, entre otras medidas, se concreta a trav\u00e9s de la publicaci\u00f3n individualizada por parte de los laboratorios de las transferencias de valor a los profesionales sanitarios en materia de prestaci\u00f3n de servicios y ayuda a &hellip;\" \/>\n<meta property=\"og:url\" content=\"https:\/\/www.farmaindustria.es\/web\/prensa\/notas-de-prensa\/2017\/03\/29\/farmaindustria-reafirma-su-apuesta-por-la-transparencia\/\" \/>\n<meta property=\"og:site_name\" content=\"FarmaIndustria\" \/>\n<meta property=\"article:publisher\" content=\"https:\/\/www.facebook.com\/pages\/Farmaindustria\/730634013647836?ref=hl\" \/>\n<meta property=\"article:published_time\" content=\"2017-03-29T10:42:57+00:00\" \/>\n<meta property=\"og:image\" content=\"https:\/\/www.farmaindustria.es\/web\/wp-content\/uploads\/sites\/2\/2017\/03\/Dialogos_cnmc_1.jpg\" \/>\n\t<meta property=\"og:image:width\" content=\"1278\" \/>\n\t<meta property=\"og:image:height\" content=\"1023\" \/>\n\t<meta property=\"og:image:type\" content=\"image\/jpeg\" \/>\n<meta name=\"author\" content=\"Antonio Gonz\u00e1lez\" \/>\n<meta name=\"twitter:card\" content=\"summary_large_image\" \/>\n<meta name=\"twitter:creator\" content=\"@FarmaIndustria\" \/>\n<meta name=\"twitter:site\" content=\"@FarmaIndustria\" \/>\n<meta name=\"twitter:label1\" content=\"Escrito por\" \/>\n\t<meta name=\"twitter:data1\" content=\"Antonio Gonz\u00e1lez\" \/>\n\t<meta name=\"twitter:label2\" content=\"Tiempo de lectura\" \/>\n\t<meta name=\"twitter:data2\" content=\"6 minutos\" \/>\n<script type=\"application\/ld+json\" class=\"yoast-schema-graph\">{\"@context\":\"https:\\\/\\\/schema.org\",\"@graph\":[{\"@type\":\"Article\",\"@id\":\"https:\\\/\\\/www.farmaindustria.es\\\/web\\\/prensa\\\/notas-de-prensa\\\/2017\\\/03\\\/29\\\/farmaindustria-reafirma-su-apuesta-por-la-transparencia\\\/#article\",\"isPartOf\":{\"@id\":\"https:\\\/\\\/www.farmaindustria.es\\\/web\\\/prensa\\\/notas-de-prensa\\\/2017\\\/03\\\/29\\\/farmaindustria-reafirma-su-apuesta-por-la-transparencia\\\/\"},\"author\":{\"name\":\"Antonio Gonz\u00e1lez\",\"@id\":\"https:\\\/\\\/www.farmaindustria.es\\\/web\\\/#\\\/schema\\\/person\\\/c9b313268a7320ba928d43fc2039339e\"},\"headline\":\"Farmaindustria reafirma su apuesta por la transparencia como medio para prevenir conflictos de inter\u00e9s\",\"datePublished\":\"2017-03-29T10:42:57+00:00\",\"mainEntityOfPage\":{\"@id\":\"https:\\\/\\\/www.farmaindustria.es\\\/web\\\/prensa\\\/notas-de-prensa\\\/2017\\\/03\\\/29\\\/farmaindustria-reafirma-su-apuesta-por-la-transparencia\\\/\"},\"wordCount\":1201,\"commentCount\":0,\"image\":{\"@id\":\"https:\\\/\\\/www.farmaindustria.es\\\/web\\\/prensa\\\/notas-de-prensa\\\/2017\\\/03\\\/29\\\/farmaindustria-reafirma-su-apuesta-por-la-transparencia\\\/#primaryimage\"},\"thumbnailUrl\":\"https:\\\/\\\/www.farmaindustria.es\\\/web\\\/wp-content\\\/uploads\\\/sites\\\/2\\\/2017\\\/03\\\/Dialogos_cnmc_1.jpg\",\"inLanguage\":\"es\",\"potentialAction\":[{\"@type\":\"CommentAction\",\"name\":\"Comment\",\"target\":[\"https:\\\/\\\/www.farmaindustria.es\\\/web\\\/prensa\\\/notas-de-prensa\\\/2017\\\/03\\\/29\\\/farmaindustria-reafirma-su-apuesta-por-la-transparencia\\\/#respond\"]}]},{\"@type\":\"WebPage\",\"@id\":\"https:\\\/\\\/www.farmaindustria.es\\\/web\\\/prensa\\\/notas-de-prensa\\\/2017\\\/03\\\/29\\\/farmaindustria-reafirma-su-apuesta-por-la-transparencia\\\/\",\"url\":\"https:\\\/\\\/www.farmaindustria.es\\\/web\\\/prensa\\\/notas-de-prensa\\\/2017\\\/03\\\/29\\\/farmaindustria-reafirma-su-apuesta-por-la-transparencia\\\/\",\"name\":\"Farmaindustria reafirma su apuesta por la transparencia como medio para prevenir conflictos de inter\u00e9s - FarmaIndustria\",\"isPartOf\":{\"@id\":\"https:\\\/\\\/www.farmaindustria.es\\\/web\\\/#website\"},\"primaryImageOfPage\":{\"@id\":\"https:\\\/\\\/www.farmaindustria.es\\\/web\\\/prensa\\\/notas-de-prensa\\\/2017\\\/03\\\/29\\\/farmaindustria-reafirma-su-apuesta-por-la-transparencia\\\/#primaryimage\"},\"image\":{\"@id\":\"https:\\\/\\\/www.farmaindustria.es\\\/web\\\/prensa\\\/notas-de-prensa\\\/2017\\\/03\\\/29\\\/farmaindustria-reafirma-su-apuesta-por-la-transparencia\\\/#primaryimage\"},\"thumbnailUrl\":\"https:\\\/\\\/www.farmaindustria.es\\\/web\\\/wp-content\\\/uploads\\\/sites\\\/2\\\/2017\\\/03\\\/Dialogos_cnmc_1.jpg\",\"datePublished\":\"2017-03-29T10:42:57+00:00\",\"author\":{\"@id\":\"https:\\\/\\\/www.farmaindustria.es\\\/web\\\/#\\\/schema\\\/person\\\/c9b313268a7320ba928d43fc2039339e\"},\"breadcrumb\":{\"@id\":\"https:\\\/\\\/www.farmaindustria.es\\\/web\\\/prensa\\\/notas-de-prensa\\\/2017\\\/03\\\/29\\\/farmaindustria-reafirma-su-apuesta-por-la-transparencia\\\/#breadcrumb\"},\"inLanguage\":\"es\",\"potentialAction\":[{\"@type\":\"ReadAction\",\"target\":[\"https:\\\/\\\/www.farmaindustria.es\\\/web\\\/prensa\\\/notas-de-prensa\\\/2017\\\/03\\\/29\\\/farmaindustria-reafirma-su-apuesta-por-la-transparencia\\\/\"]}]},{\"@type\":\"ImageObject\",\"inLanguage\":\"es\",\"@id\":\"https:\\\/\\\/www.farmaindustria.es\\\/web\\\/prensa\\\/notas-de-prensa\\\/2017\\\/03\\\/29\\\/farmaindustria-reafirma-su-apuesta-por-la-transparencia\\\/#primaryimage\",\"url\":\"https:\\\/\\\/www.farmaindustria.es\\\/web\\\/wp-content\\\/uploads\\\/sites\\\/2\\\/2017\\\/03\\\/Dialogos_cnmc_1.jpg\",\"contentUrl\":\"https:\\\/\\\/www.farmaindustria.es\\\/web\\\/wp-content\\\/uploads\\\/sites\\\/2\\\/2017\\\/03\\\/Dialogos_cnmc_1.jpg\",\"width\":1278,\"height\":1023,\"caption\":\"Carlos Balmisa (CNMC), Esther Arizmendi (CTBG), Humberto Arn\u00e9s (Farmaindustria) y Jes\u00fas Lizcano (Transparencia Internacional).\"},{\"@type\":\"BreadcrumbList\",\"@id\":\"https:\\\/\\\/www.farmaindustria.es\\\/web\\\/prensa\\\/notas-de-prensa\\\/2017\\\/03\\\/29\\\/farmaindustria-reafirma-su-apuesta-por-la-transparencia\\\/#breadcrumb\",\"itemListElement\":[{\"@type\":\"ListItem\",\"position\":1,\"name\":\"Portada\",\"item\":\"https:\\\/\\\/www.farmaindustria.es\\\/web\\\/\"},{\"@type\":\"ListItem\",\"position\":2,\"name\":\"Farmaindustria reafirma su apuesta por la transparencia como medio para prevenir conflictos de inter\u00e9s\"}]},{\"@type\":\"WebSite\",\"@id\":\"https:\\\/\\\/www.farmaindustria.es\\\/web\\\/#website\",\"url\":\"https:\\\/\\\/www.farmaindustria.es\\\/web\\\/\",\"name\":\"FarmaIndustria\",\"description\":\"\",\"potentialAction\":[{\"@type\":\"SearchAction\",\"target\":{\"@type\":\"EntryPoint\",\"urlTemplate\":\"https:\\\/\\\/www.farmaindustria.es\\\/web\\\/?s={search_term_string}\"},\"query-input\":{\"@type\":\"PropertyValueSpecification\",\"valueRequired\":true,\"valueName\":\"search_term_string\"}}],\"inLanguage\":\"es\"},{\"@type\":\"Person\",\"@id\":\"https:\\\/\\\/www.farmaindustria.es\\\/web\\\/#\\\/schema\\\/person\\\/c9b313268a7320ba928d43fc2039339e\",\"name\":\"Antonio Gonz\u00e1lez\",\"image\":{\"@type\":\"ImageObject\",\"inLanguage\":\"es\",\"@id\":\"https:\\\/\\\/secure.gravatar.com\\\/avatar\\\/d599fdef6cae05cb50bfce18f900f2a136e51f14cc943e8b1ad1be51aae78955?s=96&d=mm&r=g\",\"url\":\"https:\\\/\\\/secure.gravatar.com\\\/avatar\\\/d599fdef6cae05cb50bfce18f900f2a136e51f14cc943e8b1ad1be51aae78955?s=96&d=mm&r=g\",\"contentUrl\":\"https:\\\/\\\/secure.gravatar.com\\\/avatar\\\/d599fdef6cae05cb50bfce18f900f2a136e51f14cc943e8b1ad1be51aae78955?s=96&d=mm&r=g\",\"caption\":\"Antonio Gonz\u00e1lez\"},\"url\":\"https:\\\/\\\/www.farmaindustria.es\\\/web\\\/prensa\\\/notas-de-prensa\\\/author\\\/agonzalez\\\/\"}]}<\/script>\n<!-- \/ Yoast SEO plugin. -->","yoast_head_json":{"title":"Farmaindustria reafirma su apuesta por la transparencia como medio para prevenir conflictos de inter\u00e9s - FarmaIndustria","robots":{"index":"index","follow":"follow","max-snippet":"max-snippet:-1","max-image-preview":"max-image-preview:large","max-video-preview":"max-video-preview:-1"},"canonical":"https:\/\/www.farmaindustria.es\/web\/prensa\/notas-de-prensa\/2017\/03\/29\/farmaindustria-reafirma-su-apuesta-por-la-transparencia\/","og_locale":"es_ES","og_type":"article","og_title":"Farmaindustria reafirma su apuesta por la transparencia como medio para prevenir conflictos de inter\u00e9s - FarmaIndustria","og_description":"El director general de Farmaindustria, Humberto Arn\u00e9s, reafirm\u00f3 hoy la clara apuesta por la transparencia de la industria farmac\u00e9utica innovadora, que, entre otras medidas, se concreta a trav\u00e9s de la publicaci\u00f3n individualizada por parte de los laboratorios de las transferencias de valor a los profesionales sanitarios en materia de prestaci\u00f3n de servicios y ayuda a &hellip;","og_url":"https:\/\/www.farmaindustria.es\/web\/prensa\/notas-de-prensa\/2017\/03\/29\/farmaindustria-reafirma-su-apuesta-por-la-transparencia\/","og_site_name":"FarmaIndustria","article_publisher":"https:\/\/www.facebook.com\/pages\/Farmaindustria\/730634013647836?ref=hl","article_published_time":"2017-03-29T10:42:57+00:00","og_image":[{"width":1278,"height":1023,"url":"https:\/\/www.farmaindustria.es\/web\/wp-content\/uploads\/sites\/2\/2017\/03\/Dialogos_cnmc_1.jpg","type":"image\/jpeg"}],"author":"Antonio Gonz\u00e1lez","twitter_card":"summary_large_image","twitter_creator":"@FarmaIndustria","twitter_site":"@FarmaIndustria","twitter_misc":{"Escrito por":"Antonio Gonz\u00e1lez","Tiempo de lectura":"6 minutos"},"schema":{"@context":"https:\/\/schema.org","@graph":[{"@type":"Article","@id":"https:\/\/www.farmaindustria.es\/web\/prensa\/notas-de-prensa\/2017\/03\/29\/farmaindustria-reafirma-su-apuesta-por-la-transparencia\/#article","isPartOf":{"@id":"https:\/\/www.farmaindustria.es\/web\/prensa\/notas-de-prensa\/2017\/03\/29\/farmaindustria-reafirma-su-apuesta-por-la-transparencia\/"},"author":{"name":"Antonio Gonz\u00e1lez","@id":"https:\/\/www.farmaindustria.es\/web\/#\/schema\/person\/c9b313268a7320ba928d43fc2039339e"},"headline":"Farmaindustria reafirma su apuesta por la transparencia como medio para prevenir conflictos de inter\u00e9s","datePublished":"2017-03-29T10:42:57+00:00","mainEntityOfPage":{"@id":"https:\/\/www.farmaindustria.es\/web\/prensa\/notas-de-prensa\/2017\/03\/29\/farmaindustria-reafirma-su-apuesta-por-la-transparencia\/"},"wordCount":1201,"commentCount":0,"image":{"@id":"https:\/\/www.farmaindustria.es\/web\/prensa\/notas-de-prensa\/2017\/03\/29\/farmaindustria-reafirma-su-apuesta-por-la-transparencia\/#primaryimage"},"thumbnailUrl":"https:\/\/www.farmaindustria.es\/web\/wp-content\/uploads\/sites\/2\/2017\/03\/Dialogos_cnmc_1.jpg","inLanguage":"es","potentialAction":[{"@type":"CommentAction","name":"Comment","target":["https:\/\/www.farmaindustria.es\/web\/prensa\/notas-de-prensa\/2017\/03\/29\/farmaindustria-reafirma-su-apuesta-por-la-transparencia\/#respond"]}]},{"@type":"WebPage","@id":"https:\/\/www.farmaindustria.es\/web\/prensa\/notas-de-prensa\/2017\/03\/29\/farmaindustria-reafirma-su-apuesta-por-la-transparencia\/","url":"https:\/\/www.farmaindustria.es\/web\/prensa\/notas-de-prensa\/2017\/03\/29\/farmaindustria-reafirma-su-apuesta-por-la-transparencia\/","name":"Farmaindustria reafirma su apuesta por la transparencia como medio para prevenir conflictos de inter\u00e9s - FarmaIndustria","isPartOf":{"@id":"https:\/\/www.farmaindustria.es\/web\/#website"},"primaryImageOfPage":{"@id":"https:\/\/www.farmaindustria.es\/web\/prensa\/notas-de-prensa\/2017\/03\/29\/farmaindustria-reafirma-su-apuesta-por-la-transparencia\/#primaryimage"},"image":{"@id":"https:\/\/www.farmaindustria.es\/web\/prensa\/notas-de-prensa\/2017\/03\/29\/farmaindustria-reafirma-su-apuesta-por-la-transparencia\/#primaryimage"},"thumbnailUrl":"https:\/\/www.farmaindustria.es\/web\/wp-content\/uploads\/sites\/2\/2017\/03\/Dialogos_cnmc_1.jpg","datePublished":"2017-03-29T10:42:57+00:00","author":{"@id":"https:\/\/www.farmaindustria.es\/web\/#\/schema\/person\/c9b313268a7320ba928d43fc2039339e"},"breadcrumb":{"@id":"https:\/\/www.farmaindustria.es\/web\/prensa\/notas-de-prensa\/2017\/03\/29\/farmaindustria-reafirma-su-apuesta-por-la-transparencia\/#breadcrumb"},"inLanguage":"es","potentialAction":[{"@type":"ReadAction","target":["https:\/\/www.farmaindustria.es\/web\/prensa\/notas-de-prensa\/2017\/03\/29\/farmaindustria-reafirma-su-apuesta-por-la-transparencia\/"]}]},{"@type":"ImageObject","inLanguage":"es","@id":"https:\/\/www.farmaindustria.es\/web\/prensa\/notas-de-prensa\/2017\/03\/29\/farmaindustria-reafirma-su-apuesta-por-la-transparencia\/#primaryimage","url":"https:\/\/www.farmaindustria.es\/web\/wp-content\/uploads\/sites\/2\/2017\/03\/Dialogos_cnmc_1.jpg","contentUrl":"https:\/\/www.farmaindustria.es\/web\/wp-content\/uploads\/sites\/2\/2017\/03\/Dialogos_cnmc_1.jpg","width":1278,"height":1023,"caption":"Carlos Balmisa (CNMC), Esther Arizmendi (CTBG), Humberto Arn\u00e9s (Farmaindustria) y Jes\u00fas Lizcano (Transparencia Internacional)."},{"@type":"BreadcrumbList","@id":"https:\/\/www.farmaindustria.es\/web\/prensa\/notas-de-prensa\/2017\/03\/29\/farmaindustria-reafirma-su-apuesta-por-la-transparencia\/#breadcrumb","itemListElement":[{"@type":"ListItem","position":1,"name":"Portada","item":"https:\/\/www.farmaindustria.es\/web\/"},{"@type":"ListItem","position":2,"name":"Farmaindustria reafirma su apuesta por la transparencia como medio para prevenir conflictos de inter\u00e9s"}]},{"@type":"WebSite","@id":"https:\/\/www.farmaindustria.es\/web\/#website","url":"https:\/\/www.farmaindustria.es\/web\/","name":"FarmaIndustria","description":"","potentialAction":[{"@type":"SearchAction","target":{"@type":"EntryPoint","urlTemplate":"https:\/\/www.farmaindustria.es\/web\/?s={search_term_string}"},"query-input":{"@type":"PropertyValueSpecification","valueRequired":true,"valueName":"search_term_string"}}],"inLanguage":"es"},{"@type":"Person","@id":"https:\/\/www.farmaindustria.es\/web\/#\/schema\/person\/c9b313268a7320ba928d43fc2039339e","name":"Antonio Gonz\u00e1lez","image":{"@type":"ImageObject","inLanguage":"es","@id":"https:\/\/secure.gravatar.com\/avatar\/d599fdef6cae05cb50bfce18f900f2a136e51f14cc943e8b1ad1be51aae78955?s=96&d=mm&r=g","url":"https:\/\/secure.gravatar.com\/avatar\/d599fdef6cae05cb50bfce18f900f2a136e51f14cc943e8b1ad1be51aae78955?s=96&d=mm&r=g","contentUrl":"https:\/\/secure.gravatar.com\/avatar\/d599fdef6cae05cb50bfce18f900f2a136e51f14cc943e8b1ad1be51aae78955?s=96&d=mm&r=g","caption":"Antonio Gonz\u00e1lez"},"url":"https:\/\/www.farmaindustria.es\/web\/prensa\/notas-de-prensa\/author\/agonzalez\/"}]}},"_links":{"self":[{"href":"https:\/\/www.farmaindustria.es\/web\/wp-json\/wp\/v2\/posts\/5796","targetHints":{"allow":["GET"]}}],"collection":[{"href":"https:\/\/www.farmaindustria.es\/web\/wp-json\/wp\/v2\/posts"}],"about":[{"href":"https:\/\/www.farmaindustria.es\/web\/wp-json\/wp\/v2\/types\/post"}],"author":[{"embeddable":true,"href":"https:\/\/www.farmaindustria.es\/web\/wp-json\/wp\/v2\/users\/15"}],"replies":[{"embeddable":true,"href":"https:\/\/www.farmaindustria.es\/web\/wp-json\/wp\/v2\/comments?post=5796"}],"version-history":[{"count":1,"href":"https:\/\/www.farmaindustria.es\/web\/wp-json\/wp\/v2\/posts\/5796\/revisions"}],"predecessor-version":[{"id":5798,"href":"https:\/\/www.farmaindustria.es\/web\/wp-json\/wp\/v2\/posts\/5796\/revisions\/5798"}],"wp:featuredmedia":[{"embeddable":true,"href":"https:\/\/www.farmaindustria.es\/web\/wp-json\/wp\/v2\/media\/5797"}],"wp:attachment":[{"href":"https:\/\/www.farmaindustria.es\/web\/wp-json\/wp\/v2\/media?parent=5796"}],"curies":[{"name":"wp","href":"https:\/\/api.w.org\/{rel}","templated":true}]}}