{"id":7083,"date":"2018-05-14T13:03:05","date_gmt":"2018-05-14T11:03:05","guid":{"rendered":"https:\/\/www.farmaindustria.es\/web\/?p=7083"},"modified":"2018-05-29T19:48:40","modified_gmt":"2018-05-29T17:48:40","slug":"facme-y-farmaindustria-establecen-un-marco-de-colaboracion-en-formacion-continuada-y-transparencia","status":"publish","type":"post","link":"https:\/\/www.farmaindustria.es\/web\/prensa\/notas-de-prensa\/2018\/05\/14\/facme-y-farmaindustria-establecen-un-marco-de-colaboracion-en-formacion-continuada-y-transparencia\/","title":{"rendered":"FACME y Farmaindustria establecen un marco de colaboraci\u00f3n en formaci\u00f3n continuada y transparencia"},"content":{"rendered":"<p><img loading=\"lazy\" decoding=\"async\" class=\"wp-image-7085 size-full alignnone\" src=\"https:\/\/www.farmaindustria.es\/web\/wp-content\/uploads\/sites\/2\/2018\/05\/logoEsquina.png\" alt=\"\" width=\"270\" height=\"121\" srcset=\"https:\/\/www.farmaindustria.es\/web\/wp-content\/uploads\/sites\/2\/2018\/05\/logoEsquina.png 270w, https:\/\/www.farmaindustria.es\/web\/wp-content\/uploads\/sites\/2\/2018\/05\/logoEsquina-50x22.png 50w\" sizes=\"auto, (max-width: 270px) 100vw, 270px\" \/><img loading=\"lazy\" decoding=\"async\" class=\"wp-image-7086 size-medium alignright\" src=\"https:\/\/www.farmaindustria.es\/web\/wp-content\/uploads\/sites\/2\/2018\/05\/logo-vector-farmaindustria-300x152.jpg\" alt=\"\" width=\"300\" height=\"152\" srcset=\"https:\/\/www.farmaindustria.es\/web\/wp-content\/uploads\/sites\/2\/2018\/05\/logo-vector-farmaindustria-300x152.jpg 300w, https:\/\/www.farmaindustria.es\/web\/wp-content\/uploads\/sites\/2\/2018\/05\/logo-vector-farmaindustria-50x25.jpg 50w, https:\/\/www.farmaindustria.es\/web\/wp-content\/uploads\/sites\/2\/2018\/05\/logo-vector-farmaindustria.jpg 630w\" sizes=\"auto, (max-width: 300px) 100vw, 300px\" \/><\/p>\n<p>&nbsp;<\/p>\n<p>La Federaci\u00f3n de Asociaciones Cient\u00edfico-M\u00e9dicas Espa\u00f1olas (FACME) y la Asociaci\u00f3n Nacional Empresarial de la Industria Farmac\u00e9utica (Farmaindustria) han suscrito un documento de <a href=\"https:\/\/www.farmaindustria.es\/web\/wp-content\/uploads\/sites\/2\/2018\/05\/Convenio-FACME-Fi-1.pdf\"><strong><em>Bases para la colaboraci\u00f3n en formaci\u00f3n continuada y transparencia<\/em><\/strong><\/a>. Los principales objetivos de este acuerdo son poner en valor la importancia de la formaci\u00f3n continuada de los m\u00e9dicos para la calidad asistencial del Sistema Nacional de Salud, velar por la calidad de las iniciativas formativas desarrolladas por las sociedades cient\u00edficas integradas en FACME y <strong>fomentar la transparencia de las ayudas<\/strong> de la industria farmac\u00e9utica en este \u00e1mbito.<\/p>\n<p>FACME y Farmaindustria consideran estrat\u00e9gica para el sistema sanitario la formaci\u00f3n continuada de los m\u00e9dicos, de la que se benefician por encima de todo los pacientes, y se comprometen a cooperar para \u201cmantener la alta calidad y el <strong>inter\u00e9s cient\u00edfico de la acci\u00f3n formativa<\/strong> desarrollada por las sociedades cient\u00edficas miembros de FACME, contando con el apoyo de la industria farmac\u00e9utica\u201d.<\/p>\n<p>Con respecto a la transparencia, el acuerdo persigue <strong>garantizar la independencia del m\u00e9dico y las buenas pr\u00e1cticas<\/strong> en la colaboraci\u00f3n entre la industria farmac\u00e9utica, los profesionales y las sociedades miembros de FACME, y define el modo de hacer transparentes esas ayudas, en l\u00ednea con lo previsto en el C\u00f3digo de Buenas Pr\u00e1cticas de la Industria Farmac\u00e9utica y en los c\u00f3digos \u00e9ticos y normas estatutarias de las sociedades cient\u00edficas y de conformidad con el Reglamento (UE) 2016\/679, sobre protecci\u00f3n de las personas f\u00edsicas en lo que respecta a datos personales.<\/p>\n<p><strong>Informaci\u00f3n previa<\/strong><\/p>\n<p>As\u00ed, sociedades cient\u00edficas y compa\u00f1\u00edas farmac\u00e9uticas cooperar\u00e1n para garantizar la publicaci\u00f3n de las ayudas a la formaci\u00f3n, tanto las dirigidas individualmente a los m\u00e9dicos como las facilitadas a trav\u00e9s de una sociedad cient\u00edfica. De cara a la publicaci\u00f3n individualizada de la formaci\u00f3n financiada, se informar\u00e1 siempre con car\u00e1cter previo a los propios m\u00e9dicos interesados, incluyendo en esa informaci\u00f3n las cautelas establecidas por la Agencia Espa\u00f1ola de Protecci\u00f3n de Datos (AEPD), para <strong>evitar el tratamiento de los datos para fines distintos a los previstos<\/strong> en el C\u00f3digo de Buenas Pr\u00e1cticas de la Industria Farmac\u00e9utica.<\/p>\n<p>En el caso de la formaci\u00f3n financiada a trav\u00e9s de acuerdo con una sociedad cient\u00edfica miembro de FACME, \u201clos procedimientos p\u00fablicos y objetivos de las propias sociedades para la gesti\u00f3n de estas actividades formativas se acomodar\u00e1n a sus normas \u00e9ticas de forma que incluyan la publicaci\u00f3n personalizada de las ayudas recibidas\u201d. En esos casos, <strong>se garantizar\u00e1 que no existe v\u00ednculo entre el patrocinador y el m\u00e9dico receptor<\/strong> de la acci\u00f3n formativa mediante la existencia de ayudas econ\u00f3micas provenientes de varias compa\u00f1\u00edas patrocinadoras, ninguna de ellas mayoritaria, o cuando la formaci\u00f3n no implique gastos de matr\u00edcula, desplazamiento o alojamiento. Adem\u00e1s, los procedimientos p\u00fablicos y objetivos de las sociedades cient\u00edficas garantizar\u00e1n que los laboratorios patrocinadores no intervienen en la selecci\u00f3n de los profesionales participantes en dichas actividades formativas.<\/p>\n<p>El acuerdo ahora firmado es el primer paso de una colaboraci\u00f3n que ir\u00e1 evolucionando, y por eso se ha previsto la <strong>creaci\u00f3n de un grupo de trabajo mixto<\/strong> entre FACME y Farmaindustria para realizar un seguimiento y profundizar en su desarrollo.<\/p>\n<p>Consulta el documento suscrito entre FACME y Farmaindustria <a href=\"https:\/\/www.farmaindustria.es\/web\/wp-content\/uploads\/sites\/2\/2018\/05\/Convenio-FACME-Fi-1.pdf\"><strong>en este enlace<\/strong><\/a><\/p>\n","protected":false},"excerpt":{"rendered":"<p>&nbsp; La Federaci\u00f3n de Asociaciones Cient\u00edfico-M\u00e9dicas Espa\u00f1olas (FACME) y la Asociaci\u00f3n Nacional Empresarial de la Industria Farmac\u00e9utica (Farmaindustria) han suscrito un documento de Bases para la colaboraci\u00f3n en formaci\u00f3n continuada y transparencia. Los principales objetivos de este acuerdo son poner en valor la importancia de la formaci\u00f3n continuada de los m\u00e9dicos para la calidad asistencial  <a href=\"https:\/\/www.farmaindustria.es\/web\/prensa\/notas-de-prensa\/2018\/05\/14\/facme-y-farmaindustria-establecen-un-marco-de-colaboracion-en-formacion-continuada-y-transparencia\/\" class=\"read-more\">&hellip;<\/a><\/p>\n","protected":false},"author":3,"featured_media":7085,"comment_status":"open","ping_status":"open","sticky":false,"template":"","format":"standard","meta":{"_acf_changed":false,"footnotes":""},"class_list":["post-7083","post","type-post","status-publish","format-standard","has-post-thumbnail","hentry","tema-transparencia","area-autorregulacion"],"acf":[],"yoast_head":"<!-- This site is optimized with the Yoast SEO plugin v27.4 - https:\/\/yoast.com\/product\/yoast-seo-wordpress\/ -->\n<title>FACME y Farmaindustria establecen un marco de colaboraci\u00f3n en formaci\u00f3n continuada y transparencia - FarmaIndustria<\/title>\n<meta name=\"robots\" content=\"index, follow, max-snippet:-1, max-image-preview:large, max-video-preview:-1\" \/>\n<link rel=\"canonical\" href=\"https:\/\/www.farmaindustria.es\/web\/prensa\/notas-de-prensa\/2018\/05\/14\/facme-y-farmaindustria-establecen-un-marco-de-colaboracion-en-formacion-continuada-y-transparencia\/\" \/>\n<meta property=\"og:locale\" content=\"es_ES\" \/>\n<meta property=\"og:type\" content=\"article\" \/>\n<meta property=\"og:title\" content=\"FACME y Farmaindustria establecen un marco de colaboraci\u00f3n en formaci\u00f3n continuada y transparencia - FarmaIndustria\" \/>\n<meta property=\"og:description\" content=\"&nbsp; La Federaci\u00f3n de Asociaciones Cient\u00edfico-M\u00e9dicas Espa\u00f1olas (FACME) y la Asociaci\u00f3n Nacional Empresarial de la Industria Farmac\u00e9utica (Farmaindustria) han suscrito un documento de Bases para la colaboraci\u00f3n en formaci\u00f3n continuada y transparencia. Los principales objetivos de este acuerdo son poner en valor la importancia de la formaci\u00f3n continuada de los m\u00e9dicos para la calidad asistencial &hellip;\" \/>\n<meta property=\"og:url\" content=\"https:\/\/www.farmaindustria.es\/web\/prensa\/notas-de-prensa\/2018\/05\/14\/facme-y-farmaindustria-establecen-un-marco-de-colaboracion-en-formacion-continuada-y-transparencia\/\" \/>\n<meta property=\"og:site_name\" content=\"FarmaIndustria\" \/>\n<meta property=\"article:publisher\" content=\"https:\/\/www.facebook.com\/pages\/Farmaindustria\/730634013647836?ref=hl\" \/>\n<meta property=\"article:published_time\" content=\"2018-05-14T11:03:05+00:00\" \/>\n<meta property=\"article:modified_time\" content=\"2018-05-29T17:48:40+00:00\" \/>\n<meta property=\"og:image\" content=\"https:\/\/www.farmaindustria.es\/web\/wp-content\/uploads\/sites\/2\/2018\/05\/logoEsquina.png\" \/>\n\t<meta property=\"og:image:width\" content=\"270\" \/>\n\t<meta property=\"og:image:height\" content=\"121\" \/>\n\t<meta property=\"og:image:type\" content=\"image\/png\" \/>\n<meta name=\"author\" content=\"Daniel Gil\" \/>\n<meta name=\"twitter:card\" content=\"summary_large_image\" \/>\n<meta name=\"twitter:creator\" content=\"@FarmaIndustria\" \/>\n<meta name=\"twitter:site\" content=\"@FarmaIndustria\" \/>\n<meta name=\"twitter:label1\" content=\"Escrito por\" \/>\n\t<meta name=\"twitter:data1\" content=\"Daniel Gil\" \/>\n\t<meta name=\"twitter:label2\" content=\"Tiempo de lectura\" \/>\n\t<meta name=\"twitter:data2\" content=\"3 minutos\" \/>\n<script type=\"application\/ld+json\" class=\"yoast-schema-graph\">{\"@context\":\"https:\\\/\\\/schema.org\",\"@graph\":[{\"@type\":\"Article\",\"@id\":\"https:\\\/\\\/www.farmaindustria.es\\\/web\\\/prensa\\\/notas-de-prensa\\\/2018\\\/05\\\/14\\\/facme-y-farmaindustria-establecen-un-marco-de-colaboracion-en-formacion-continuada-y-transparencia\\\/#article\",\"isPartOf\":{\"@id\":\"https:\\\/\\\/www.farmaindustria.es\\\/web\\\/prensa\\\/notas-de-prensa\\\/2018\\\/05\\\/14\\\/facme-y-farmaindustria-establecen-un-marco-de-colaboracion-en-formacion-continuada-y-transparencia\\\/\"},\"author\":{\"name\":\"Daniel Gil\",\"@id\":\"https:\\\/\\\/www.farmaindustria.es\\\/web\\\/#\\\/schema\\\/person\\\/1dfb1d61ecb233fc347e7fc2e1e58e8b\"},\"headline\":\"FACME y Farmaindustria establecen un marco de colaboraci\u00f3n en formaci\u00f3n continuada y transparencia\",\"datePublished\":\"2018-05-14T11:03:05+00:00\",\"dateModified\":\"2018-05-29T17:48:40+00:00\",\"mainEntityOfPage\":{\"@id\":\"https:\\\/\\\/www.farmaindustria.es\\\/web\\\/prensa\\\/notas-de-prensa\\\/2018\\\/05\\\/14\\\/facme-y-farmaindustria-establecen-un-marco-de-colaboracion-en-formacion-continuada-y-transparencia\\\/\"},\"wordCount\":599,\"commentCount\":0,\"image\":{\"@id\":\"https:\\\/\\\/www.farmaindustria.es\\\/web\\\/prensa\\\/notas-de-prensa\\\/2018\\\/05\\\/14\\\/facme-y-farmaindustria-establecen-un-marco-de-colaboracion-en-formacion-continuada-y-transparencia\\\/#primaryimage\"},\"thumbnailUrl\":\"https:\\\/\\\/www.farmaindustria.es\\\/web\\\/wp-content\\\/uploads\\\/sites\\\/2\\\/2018\\\/05\\\/logoEsquina.png\",\"inLanguage\":\"es\",\"potentialAction\":[{\"@type\":\"CommentAction\",\"name\":\"Comment\",\"target\":[\"https:\\\/\\\/www.farmaindustria.es\\\/web\\\/prensa\\\/notas-de-prensa\\\/2018\\\/05\\\/14\\\/facme-y-farmaindustria-establecen-un-marco-de-colaboracion-en-formacion-continuada-y-transparencia\\\/#respond\"]}]},{\"@type\":\"WebPage\",\"@id\":\"https:\\\/\\\/www.farmaindustria.es\\\/web\\\/prensa\\\/notas-de-prensa\\\/2018\\\/05\\\/14\\\/facme-y-farmaindustria-establecen-un-marco-de-colaboracion-en-formacion-continuada-y-transparencia\\\/\",\"url\":\"https:\\\/\\\/www.farmaindustria.es\\\/web\\\/prensa\\\/notas-de-prensa\\\/2018\\\/05\\\/14\\\/facme-y-farmaindustria-establecen-un-marco-de-colaboracion-en-formacion-continuada-y-transparencia\\\/\",\"name\":\"FACME y Farmaindustria establecen un marco de colaboraci\u00f3n en formaci\u00f3n continuada y transparencia - FarmaIndustria\",\"isPartOf\":{\"@id\":\"https:\\\/\\\/www.farmaindustria.es\\\/web\\\/#website\"},\"primaryImageOfPage\":{\"@id\":\"https:\\\/\\\/www.farmaindustria.es\\\/web\\\/prensa\\\/notas-de-prensa\\\/2018\\\/05\\\/14\\\/facme-y-farmaindustria-establecen-un-marco-de-colaboracion-en-formacion-continuada-y-transparencia\\\/#primaryimage\"},\"image\":{\"@id\":\"https:\\\/\\\/www.farmaindustria.es\\\/web\\\/prensa\\\/notas-de-prensa\\\/2018\\\/05\\\/14\\\/facme-y-farmaindustria-establecen-un-marco-de-colaboracion-en-formacion-continuada-y-transparencia\\\/#primaryimage\"},\"thumbnailUrl\":\"https:\\\/\\\/www.farmaindustria.es\\\/web\\\/wp-content\\\/uploads\\\/sites\\\/2\\\/2018\\\/05\\\/logoEsquina.png\",\"datePublished\":\"2018-05-14T11:03:05+00:00\",\"dateModified\":\"2018-05-29T17:48:40+00:00\",\"author\":{\"@id\":\"https:\\\/\\\/www.farmaindustria.es\\\/web\\\/#\\\/schema\\\/person\\\/1dfb1d61ecb233fc347e7fc2e1e58e8b\"},\"breadcrumb\":{\"@id\":\"https:\\\/\\\/www.farmaindustria.es\\\/web\\\/prensa\\\/notas-de-prensa\\\/2018\\\/05\\\/14\\\/facme-y-farmaindustria-establecen-un-marco-de-colaboracion-en-formacion-continuada-y-transparencia\\\/#breadcrumb\"},\"inLanguage\":\"es\",\"potentialAction\":[{\"@type\":\"ReadAction\",\"target\":[\"https:\\\/\\\/www.farmaindustria.es\\\/web\\\/prensa\\\/notas-de-prensa\\\/2018\\\/05\\\/14\\\/facme-y-farmaindustria-establecen-un-marco-de-colaboracion-en-formacion-continuada-y-transparencia\\\/\"]}]},{\"@type\":\"ImageObject\",\"inLanguage\":\"es\",\"@id\":\"https:\\\/\\\/www.farmaindustria.es\\\/web\\\/prensa\\\/notas-de-prensa\\\/2018\\\/05\\\/14\\\/facme-y-farmaindustria-establecen-un-marco-de-colaboracion-en-formacion-continuada-y-transparencia\\\/#primaryimage\",\"url\":\"https:\\\/\\\/www.farmaindustria.es\\\/web\\\/wp-content\\\/uploads\\\/sites\\\/2\\\/2018\\\/05\\\/logoEsquina.png\",\"contentUrl\":\"https:\\\/\\\/www.farmaindustria.es\\\/web\\\/wp-content\\\/uploads\\\/sites\\\/2\\\/2018\\\/05\\\/logoEsquina.png\",\"width\":270,\"height\":121},{\"@type\":\"BreadcrumbList\",\"@id\":\"https:\\\/\\\/www.farmaindustria.es\\\/web\\\/prensa\\\/notas-de-prensa\\\/2018\\\/05\\\/14\\\/facme-y-farmaindustria-establecen-un-marco-de-colaboracion-en-formacion-continuada-y-transparencia\\\/#breadcrumb\",\"itemListElement\":[{\"@type\":\"ListItem\",\"position\":1,\"name\":\"Portada\",\"item\":\"https:\\\/\\\/www.farmaindustria.es\\\/web\\\/\"},{\"@type\":\"ListItem\",\"position\":2,\"name\":\"FACME y Farmaindustria establecen un marco de colaboraci\u00f3n en formaci\u00f3n continuada y transparencia\"}]},{\"@type\":\"WebSite\",\"@id\":\"https:\\\/\\\/www.farmaindustria.es\\\/web\\\/#website\",\"url\":\"https:\\\/\\\/www.farmaindustria.es\\\/web\\\/\",\"name\":\"FarmaIndustria\",\"description\":\"\",\"potentialAction\":[{\"@type\":\"SearchAction\",\"target\":{\"@type\":\"EntryPoint\",\"urlTemplate\":\"https:\\\/\\\/www.farmaindustria.es\\\/web\\\/?s={search_term_string}\"},\"query-input\":{\"@type\":\"PropertyValueSpecification\",\"valueRequired\":true,\"valueName\":\"search_term_string\"}}],\"inLanguage\":\"es\"},{\"@type\":\"Person\",\"@id\":\"https:\\\/\\\/www.farmaindustria.es\\\/web\\\/#\\\/schema\\\/person\\\/1dfb1d61ecb233fc347e7fc2e1e58e8b\",\"name\":\"Daniel Gil\",\"image\":{\"@type\":\"ImageObject\",\"inLanguage\":\"es\",\"@id\":\"https:\\\/\\\/secure.gravatar.com\\\/avatar\\\/bdddf8f1738104090b20c9636720008099643143d567da1728afdda472b33dd8?s=96&d=mm&r=g\",\"url\":\"https:\\\/\\\/secure.gravatar.com\\\/avatar\\\/bdddf8f1738104090b20c9636720008099643143d567da1728afdda472b33dd8?s=96&d=mm&r=g\",\"contentUrl\":\"https:\\\/\\\/secure.gravatar.com\\\/avatar\\\/bdddf8f1738104090b20c9636720008099643143d567da1728afdda472b33dd8?s=96&d=mm&r=g\",\"caption\":\"Daniel Gil\"},\"url\":\"https:\\\/\\\/www.farmaindustria.es\\\/web\\\/prensa\\\/notas-de-prensa\\\/author\\\/danielgil\\\/\"}]}<\/script>\n<!-- \/ Yoast SEO plugin. -->","yoast_head_json":{"title":"FACME y Farmaindustria establecen un marco de colaboraci\u00f3n en formaci\u00f3n continuada y transparencia - FarmaIndustria","robots":{"index":"index","follow":"follow","max-snippet":"max-snippet:-1","max-image-preview":"max-image-preview:large","max-video-preview":"max-video-preview:-1"},"canonical":"https:\/\/www.farmaindustria.es\/web\/prensa\/notas-de-prensa\/2018\/05\/14\/facme-y-farmaindustria-establecen-un-marco-de-colaboracion-en-formacion-continuada-y-transparencia\/","og_locale":"es_ES","og_type":"article","og_title":"FACME y Farmaindustria establecen un marco de colaboraci\u00f3n en formaci\u00f3n continuada y transparencia - FarmaIndustria","og_description":"&nbsp; La Federaci\u00f3n de Asociaciones Cient\u00edfico-M\u00e9dicas Espa\u00f1olas (FACME) y la Asociaci\u00f3n Nacional Empresarial de la Industria Farmac\u00e9utica (Farmaindustria) han suscrito un documento de Bases para la colaboraci\u00f3n en formaci\u00f3n continuada y transparencia. Los principales objetivos de este acuerdo son poner en valor la importancia de la formaci\u00f3n continuada de los m\u00e9dicos para la calidad asistencial &hellip;","og_url":"https:\/\/www.farmaindustria.es\/web\/prensa\/notas-de-prensa\/2018\/05\/14\/facme-y-farmaindustria-establecen-un-marco-de-colaboracion-en-formacion-continuada-y-transparencia\/","og_site_name":"FarmaIndustria","article_publisher":"https:\/\/www.facebook.com\/pages\/Farmaindustria\/730634013647836?ref=hl","article_published_time":"2018-05-14T11:03:05+00:00","article_modified_time":"2018-05-29T17:48:40+00:00","og_image":[{"width":270,"height":121,"url":"https:\/\/www.farmaindustria.es\/web\/wp-content\/uploads\/sites\/2\/2018\/05\/logoEsquina.png","type":"image\/png"}],"author":"Daniel Gil","twitter_card":"summary_large_image","twitter_creator":"@FarmaIndustria","twitter_site":"@FarmaIndustria","twitter_misc":{"Escrito por":"Daniel Gil","Tiempo de lectura":"3 minutos"},"schema":{"@context":"https:\/\/schema.org","@graph":[{"@type":"Article","@id":"https:\/\/www.farmaindustria.es\/web\/prensa\/notas-de-prensa\/2018\/05\/14\/facme-y-farmaindustria-establecen-un-marco-de-colaboracion-en-formacion-continuada-y-transparencia\/#article","isPartOf":{"@id":"https:\/\/www.farmaindustria.es\/web\/prensa\/notas-de-prensa\/2018\/05\/14\/facme-y-farmaindustria-establecen-un-marco-de-colaboracion-en-formacion-continuada-y-transparencia\/"},"author":{"name":"Daniel Gil","@id":"https:\/\/www.farmaindustria.es\/web\/#\/schema\/person\/1dfb1d61ecb233fc347e7fc2e1e58e8b"},"headline":"FACME y Farmaindustria establecen un marco de colaboraci\u00f3n en formaci\u00f3n continuada y transparencia","datePublished":"2018-05-14T11:03:05+00:00","dateModified":"2018-05-29T17:48:40+00:00","mainEntityOfPage":{"@id":"https:\/\/www.farmaindustria.es\/web\/prensa\/notas-de-prensa\/2018\/05\/14\/facme-y-farmaindustria-establecen-un-marco-de-colaboracion-en-formacion-continuada-y-transparencia\/"},"wordCount":599,"commentCount":0,"image":{"@id":"https:\/\/www.farmaindustria.es\/web\/prensa\/notas-de-prensa\/2018\/05\/14\/facme-y-farmaindustria-establecen-un-marco-de-colaboracion-en-formacion-continuada-y-transparencia\/#primaryimage"},"thumbnailUrl":"https:\/\/www.farmaindustria.es\/web\/wp-content\/uploads\/sites\/2\/2018\/05\/logoEsquina.png","inLanguage":"es","potentialAction":[{"@type":"CommentAction","name":"Comment","target":["https:\/\/www.farmaindustria.es\/web\/prensa\/notas-de-prensa\/2018\/05\/14\/facme-y-farmaindustria-establecen-un-marco-de-colaboracion-en-formacion-continuada-y-transparencia\/#respond"]}]},{"@type":"WebPage","@id":"https:\/\/www.farmaindustria.es\/web\/prensa\/notas-de-prensa\/2018\/05\/14\/facme-y-farmaindustria-establecen-un-marco-de-colaboracion-en-formacion-continuada-y-transparencia\/","url":"https:\/\/www.farmaindustria.es\/web\/prensa\/notas-de-prensa\/2018\/05\/14\/facme-y-farmaindustria-establecen-un-marco-de-colaboracion-en-formacion-continuada-y-transparencia\/","name":"FACME y Farmaindustria establecen un marco de colaboraci\u00f3n en formaci\u00f3n continuada y transparencia - FarmaIndustria","isPartOf":{"@id":"https:\/\/www.farmaindustria.es\/web\/#website"},"primaryImageOfPage":{"@id":"https:\/\/www.farmaindustria.es\/web\/prensa\/notas-de-prensa\/2018\/05\/14\/facme-y-farmaindustria-establecen-un-marco-de-colaboracion-en-formacion-continuada-y-transparencia\/#primaryimage"},"image":{"@id":"https:\/\/www.farmaindustria.es\/web\/prensa\/notas-de-prensa\/2018\/05\/14\/facme-y-farmaindustria-establecen-un-marco-de-colaboracion-en-formacion-continuada-y-transparencia\/#primaryimage"},"thumbnailUrl":"https:\/\/www.farmaindustria.es\/web\/wp-content\/uploads\/sites\/2\/2018\/05\/logoEsquina.png","datePublished":"2018-05-14T11:03:05+00:00","dateModified":"2018-05-29T17:48:40+00:00","author":{"@id":"https:\/\/www.farmaindustria.es\/web\/#\/schema\/person\/1dfb1d61ecb233fc347e7fc2e1e58e8b"},"breadcrumb":{"@id":"https:\/\/www.farmaindustria.es\/web\/prensa\/notas-de-prensa\/2018\/05\/14\/facme-y-farmaindustria-establecen-un-marco-de-colaboracion-en-formacion-continuada-y-transparencia\/#breadcrumb"},"inLanguage":"es","potentialAction":[{"@type":"ReadAction","target":["https:\/\/www.farmaindustria.es\/web\/prensa\/notas-de-prensa\/2018\/05\/14\/facme-y-farmaindustria-establecen-un-marco-de-colaboracion-en-formacion-continuada-y-transparencia\/"]}]},{"@type":"ImageObject","inLanguage":"es","@id":"https:\/\/www.farmaindustria.es\/web\/prensa\/notas-de-prensa\/2018\/05\/14\/facme-y-farmaindustria-establecen-un-marco-de-colaboracion-en-formacion-continuada-y-transparencia\/#primaryimage","url":"https:\/\/www.farmaindustria.es\/web\/wp-content\/uploads\/sites\/2\/2018\/05\/logoEsquina.png","contentUrl":"https:\/\/www.farmaindustria.es\/web\/wp-content\/uploads\/sites\/2\/2018\/05\/logoEsquina.png","width":270,"height":121},{"@type":"BreadcrumbList","@id":"https:\/\/www.farmaindustria.es\/web\/prensa\/notas-de-prensa\/2018\/05\/14\/facme-y-farmaindustria-establecen-un-marco-de-colaboracion-en-formacion-continuada-y-transparencia\/#breadcrumb","itemListElement":[{"@type":"ListItem","position":1,"name":"Portada","item":"https:\/\/www.farmaindustria.es\/web\/"},{"@type":"ListItem","position":2,"name":"FACME y Farmaindustria establecen un marco de colaboraci\u00f3n en formaci\u00f3n continuada y transparencia"}]},{"@type":"WebSite","@id":"https:\/\/www.farmaindustria.es\/web\/#website","url":"https:\/\/www.farmaindustria.es\/web\/","name":"FarmaIndustria","description":"","potentialAction":[{"@type":"SearchAction","target":{"@type":"EntryPoint","urlTemplate":"https:\/\/www.farmaindustria.es\/web\/?s={search_term_string}"},"query-input":{"@type":"PropertyValueSpecification","valueRequired":true,"valueName":"search_term_string"}}],"inLanguage":"es"},{"@type":"Person","@id":"https:\/\/www.farmaindustria.es\/web\/#\/schema\/person\/1dfb1d61ecb233fc347e7fc2e1e58e8b","name":"Daniel Gil","image":{"@type":"ImageObject","inLanguage":"es","@id":"https:\/\/secure.gravatar.com\/avatar\/bdddf8f1738104090b20c9636720008099643143d567da1728afdda472b33dd8?s=96&d=mm&r=g","url":"https:\/\/secure.gravatar.com\/avatar\/bdddf8f1738104090b20c9636720008099643143d567da1728afdda472b33dd8?s=96&d=mm&r=g","contentUrl":"https:\/\/secure.gravatar.com\/avatar\/bdddf8f1738104090b20c9636720008099643143d567da1728afdda472b33dd8?s=96&d=mm&r=g","caption":"Daniel Gil"},"url":"https:\/\/www.farmaindustria.es\/web\/prensa\/notas-de-prensa\/author\/danielgil\/"}]}},"_links":{"self":[{"href":"https:\/\/www.farmaindustria.es\/web\/wp-json\/wp\/v2\/posts\/7083","targetHints":{"allow":["GET"]}}],"collection":[{"href":"https:\/\/www.farmaindustria.es\/web\/wp-json\/wp\/v2\/posts"}],"about":[{"href":"https:\/\/www.farmaindustria.es\/web\/wp-json\/wp\/v2\/types\/post"}],"author":[{"embeddable":true,"href":"https:\/\/www.farmaindustria.es\/web\/wp-json\/wp\/v2\/users\/3"}],"replies":[{"embeddable":true,"href":"https:\/\/www.farmaindustria.es\/web\/wp-json\/wp\/v2\/comments?post=7083"}],"version-history":[{"count":2,"href":"https:\/\/www.farmaindustria.es\/web\/wp-json\/wp\/v2\/posts\/7083\/revisions"}],"predecessor-version":[{"id":7098,"href":"https:\/\/www.farmaindustria.es\/web\/wp-json\/wp\/v2\/posts\/7083\/revisions\/7098"}],"wp:featuredmedia":[{"embeddable":true,"href":"https:\/\/www.farmaindustria.es\/web\/wp-json\/wp\/v2\/media\/7085"}],"wp:attachment":[{"href":"https:\/\/www.farmaindustria.es\/web\/wp-json\/wp\/v2\/media?parent=7083"}],"curies":[{"name":"wp","href":"https:\/\/api.w.org\/{rel}","templated":true}]}}